{"id":12288,"date":"2022-08-29T10:39:02","date_gmt":"2022-08-29T07:39:02","guid":{"rendered":"https:\/\/www.pasteur.mg\/?p=12288"},"modified":"2023-05-17T14:54:43","modified_gmt":"2023-05-17T11:54:43","slug":"projet-rise-formation-renforcement-des-capacites-en-transfert-de-connaissances-%ef%bf%bc%ef%bf%bc","status":"publish","type":"post","link":"https:\/\/www.pasteur.mg\/en\/projet-rise-formation-renforcement-des-capacites-en-transfert-de-connaissances-%ef%bf%bc%ef%bf%bc\/","title":{"rendered":"Projet RISE : Formation sur le renforcement des capacit\u00e9s en transfert de connaissances"},"content":{"rendered":"<figure class=\"wp-block-image size-large\"><a href=\"https:\/\/i0.wp.com\/www.pasteur.mg\/wp-content\/uploads\/2022\/08\/IPM_0953-scaled.jpg?ssl=1\"><img data-recalc-dims=\"1\" loading=\"lazy\" decoding=\"async\" width=\"1024\" height=\"510\" data-attachment-id=\"12289\" data-permalink=\"https:\/\/www.pasteur.mg\/en\/projet-rise-formation-renforcement-des-capacites-en-transfert-de-connaissances-%ef%bf%bc%ef%bf%bc\/ipm_0953\/\" data-orig-file=\"https:\/\/i0.wp.com\/www.pasteur.mg\/wp-content\/uploads\/2022\/08\/IPM_0953-scaled.jpg?fit=2560%2C1276&amp;ssl=1\" data-orig-size=\"2560,1276\" data-comments-opened=\"0\" data-image-meta=\"{&quot;aperture&quot;:&quot;3.8&quot;,&quot;credit&quot;:&quot;Sitraka ANDRINIVO&quot;,&quot;camera&quot;:&quot;NIKON D7200&quot;,&quot;caption&quot;:&quot;&quot;,&quot;created_timestamp&quot;:&quot;1652198370&quot;,&quot;copyright&quot;:&quot;Institut Pasteur de Madagascar&quot;,&quot;focal_length&quot;:&quot;22&quot;,&quot;iso&quot;:&quot;200&quot;,&quot;shutter_speed&quot;:&quot;0.01&quot;,&quot;title&quot;:&quot;&quot;,&quot;orientation&quot;:&quot;0&quot;}\" data-image-title=\"IPM_0953\" data-image-description=\"\" data-image-caption=\"\" data-large-file=\"https:\/\/i0.wp.com\/www.pasteur.mg\/wp-content\/uploads\/2022\/08\/IPM_0953-scaled.jpg?fit=1024%2C510&amp;ssl=1\" src=\"https:\/\/i0.wp.com\/www.pasteur.mg\/wp-content\/uploads\/2022\/08\/IPM_0953.jpg?resize=1024%2C510&#038;ssl=1\" alt=\"\" class=\"wp-image-12289\" srcset=\"https:\/\/i0.wp.com\/www.pasteur.mg\/wp-content\/uploads\/2022\/08\/IPM_0953-scaled.jpg?resize=1024%2C510&amp;ssl=1 1024w, https:\/\/i0.wp.com\/www.pasteur.mg\/wp-content\/uploads\/2022\/08\/IPM_0953-scaled.jpg?resize=300%2C149&amp;ssl=1 300w, https:\/\/i0.wp.com\/www.pasteur.mg\/wp-content\/uploads\/2022\/08\/IPM_0953-scaled.jpg?resize=768%2C383&amp;ssl=1 768w, https:\/\/i0.wp.com\/www.pasteur.mg\/wp-content\/uploads\/2022\/08\/IPM_0953-scaled.jpg?resize=1536%2C765&amp;ssl=1 1536w, https:\/\/i0.wp.com\/www.pasteur.mg\/wp-content\/uploads\/2022\/08\/IPM_0953-scaled.jpg?resize=2048%2C1021&amp;ssl=1 2048w, https:\/\/i0.wp.com\/www.pasteur.mg\/wp-content\/uploads\/2022\/08\/IPM_0953-scaled.jpg?resize=704%2C351&amp;ssl=1 704w, https:\/\/i0.wp.com\/www.pasteur.mg\/wp-content\/uploads\/2022\/08\/IPM_0953-scaled.jpg?w=2160&amp;ssl=1 2160w\" sizes=\"(max-width: 1024px) 100vw, 1024px\" \/><\/a><\/figure>\n\n\n\n<p>L\u2019Institut Pasteur de Madagascar (IPM) a organis\u00e9 une formation de \u00ab\u00a0Renforcement des capacit\u00e9s en transfert de connaissances\u00a0\u00bb du 9 au 20 mai 2022, dans le cadre du Projet RISE (Recherche, Innovation, Surveillance et Evaluation) financ\u00e9 par l\u2019Agence des \u00c9tats-Unis pour le d\u00e9veloppement international (USAID). Suite \u00e0 une premi\u00e8re formation sur le transfert de connaissances en 2020, un besoin d\u2019approfondissement des strat\u00e9gies de transfert de connaissances a \u00e9t\u00e9 \u00e0 l\u2019origine de cette nouvelle formation.<\/p>\n\n\n\n<p>La premi\u00e8re semaine de formation comprenant des cours th\u00e9oriques, a \u00e9t\u00e9 dispens\u00e9e par le Pr Christian DAGENAIS, Professeur du d\u00e9partement de psychologie \u00e0 l\u2019Universit\u00e9 de Montr\u00e9al et chercheur principal de l\u2019\u00e9quipe RENARD de recherche sur le transfert de connaissances. Constitu\u00e9e de deux modules, la formation th\u00e9orique avait pour objectif d\u2019introduire la notion de transfert de connaissances et d\u2019acqu\u00e9rir les techniques d\u2019\u00e9laboration d\u2019une note de politique. Les notions acquises ont \u00e9t\u00e9 mises en pratique par la suite lors de travaux pratiques.<\/p>\n\n\n\n<p>La deuxi\u00e8me semaine de formation s\u2019est d\u00e9roul\u00e9e sous forme d\u2019ateliers de travail et de mise en pratique avec les partenaires et les diff\u00e9rentes parties prenantes des projets men\u00e9s \u00e0 l\u2019Institut Pasteur de Madagascar en sant\u00e9 maternelle&nbsp;: PREG-EVAL (\u00e9tude anthropologique sur les attentes et perceptions de la qualit\u00e9 des soins obst\u00e9tricaux de base \u00e0 Madagascar), PREMA (\u00e9tude qualitative des conditions de r\u00e9ussite de la m\u00e9thode M\u00e8re Kangourou en milieu communautaire \u00e0 Madagascar), VACC (\u00e9tude qualitative sur la vaccination de routine des enfants de moins de cinq ans \u00e0 Madagascar) et les projets MIARINA (prise en charge de la tuberculose et VIH en milieu carc\u00e9ral) et COVIH-OI (mobilisation des acteurs du VIH\/Sida face \u00e0 la COVID-19).<\/p>\n\n\n\n<p>Trente-trois professionnels ont assist\u00e9 \u00e0 la formation notamment des interlocuteurs et des partenaires des diff\u00e9rentes directions du Minist\u00e8re de la Sant\u00e9 Publique et du Minist\u00e8re de la Justice \u00e0 Madagascar, des organisations internationales ainsi que des chercheurs en Sciences Humaines et Sociales (SaSS) de l\u2019IPM. Cette formation a permis aux participants d\u2019acqu\u00e9rir des comp\u00e9tences tant sur la compr\u00e9hension des concepts de transfert de connaissances que sur les enjeux et d\u00e9fis du d\u00e9ploiement de cette strat\u00e9gie aux partenaires tels que le Minist\u00e8re de la Sant\u00e9 Publique pour les programmes de contr\u00f4le et de lutte contre les maladies.<\/p>\n\n\n\n<p>Dr Manitra RAKOTOARIVONY, Directeur de la Promotion de la Sant\u00e9 aupr\u00e8s du Minist\u00e8re de la Sant\u00e9 Publique a d\u00e9clar\u00e9\u00a0: <em>\u00a0\u00bb Durant cette formation, j\u2019ai assimil\u00e9 plusieurs d\u00e9tails notamment concernant le concept et la m\u00e9thodologie. Ces cinq jours m\u2019ont permis de me repositionner dans mon r\u00f4le de responsable de la veille informationnelle et de la mod\u00e9lisation sociale au niveau du Minist\u00e8re de la sant\u00e9 publique. Je partagerai tous mes acquis avec mes coll\u00e8gues<\/em>. \u00ab\u00a0<\/p>\n\n\n\n<p>Monsieur White GARETH, coordinateur de recherche \u00e0 l\u2019association Pr\u00e9vention Information Lutte contre le Sida (PILS) \u00e0 Maurice, qui est membre de la Coalition Internationale Sida, a ajout\u00e9\u00a0: <em>\u00a0\u00bb Nous avons \u00e0 pr\u00e9sent acc\u00e8s \u00e0 des ressources que nous allons commencer \u00e0 utiliser de diff\u00e9rentes mani\u00e8res. J\u2019ai appr\u00e9ci\u00e9 de travailler avec des personnes dot\u00e9es d\u2019une grande richesse d\u2019exp\u00e9riences et issues de diff\u00e9rentes sph\u00e8res, que ce soit gouvernementale, associative, recherche pure, etc. Gr\u00e2ce au transfert de connaissances, nous avons r\u00e9ussi \u00e0 trouver un langage commun pour partager les recherches entreprises par les chercheurs. \u00ab\u00a0<\/em><\/p>\n\n\n\n<figure class=\"wp-block-gallery has-nested-images columns-default is-cropped wp-block-gallery-1 is-layout-flex wp-block-gallery-is-layout-flex\">\n<figure class=\"wp-block-image size-large\"><a href=\"https:\/\/i0.wp.com\/www.pasteur.mg\/wp-content\/uploads\/2022\/08\/IPM_0947-scaled.jpg?ssl=1\"><img data-recalc-dims=\"1\" loading=\"lazy\" decoding=\"async\" width=\"1080\" height=\"671\" data-attachment-id=\"12290\" data-permalink=\"https:\/\/www.pasteur.mg\/en\/projet-rise-formation-renforcement-des-capacites-en-transfert-de-connaissances-%ef%bf%bc%ef%bf%bc\/ipm_0947\/\" data-orig-file=\"https:\/\/i0.wp.com\/www.pasteur.mg\/wp-content\/uploads\/2022\/08\/IPM_0947-scaled.jpg?fit=2560%2C1590&amp;ssl=1\" data-orig-size=\"2560,1590\" data-comments-opened=\"0\" data-image-meta=\"{&quot;aperture&quot;:&quot;3.5&quot;,&quot;credit&quot;:&quot;Sitraka ANDRINIVO&quot;,&quot;camera&quot;:&quot;NIKON D7200&quot;,&quot;caption&quot;:&quot;&quot;,&quot;created_timestamp&quot;:&quot;1652096302&quot;,&quot;copyright&quot;:&quot;Institut Pasteur de Madagascar&quot;,&quot;focal_length&quot;:&quot;18&quot;,&quot;iso&quot;:&quot;1270&quot;,&quot;shutter_speed&quot;:&quot;0.016666666666667&quot;,&quot;title&quot;:&quot;&quot;,&quot;orientation&quot;:&quot;1&quot;}\" data-image-title=\"IPM_0947\" data-image-description=\"\" data-image-caption=\"\" data-large-file=\"https:\/\/i0.wp.com\/www.pasteur.mg\/wp-content\/uploads\/2022\/08\/IPM_0947-scaled.jpg?fit=1024%2C636&amp;ssl=1\" data-id=\"12290\" src=\"https:\/\/i0.wp.com\/www.pasteur.mg\/wp-content\/uploads\/2022\/08\/IPM_0947-scaled.jpg?resize=1080%2C671&#038;ssl=1\" alt=\"\" class=\"wp-image-12290\" srcset=\"https:\/\/i0.wp.com\/www.pasteur.mg\/wp-content\/uploads\/2022\/08\/IPM_0947-scaled.jpg?w=2560&amp;ssl=1 2560w, https:\/\/i0.wp.com\/www.pasteur.mg\/wp-content\/uploads\/2022\/08\/IPM_0947-scaled.jpg?resize=300%2C186&amp;ssl=1 300w, https:\/\/i0.wp.com\/www.pasteur.mg\/wp-content\/uploads\/2022\/08\/IPM_0947-scaled.jpg?resize=1024%2C636&amp;ssl=1 1024w, https:\/\/i0.wp.com\/www.pasteur.mg\/wp-content\/uploads\/2022\/08\/IPM_0947-scaled.jpg?resize=768%2C477&amp;ssl=1 768w, https:\/\/i0.wp.com\/www.pasteur.mg\/wp-content\/uploads\/2022\/08\/IPM_0947-scaled.jpg?resize=1536%2C954&amp;ssl=1 1536w, https:\/\/i0.wp.com\/www.pasteur.mg\/wp-content\/uploads\/2022\/08\/IPM_0947-scaled.jpg?resize=2048%2C1272&amp;ssl=1 2048w, https:\/\/i0.wp.com\/www.pasteur.mg\/wp-content\/uploads\/2022\/08\/IPM_0947-scaled.jpg?resize=704%2C437&amp;ssl=1 704w, https:\/\/i0.wp.com\/www.pasteur.mg\/wp-content\/uploads\/2022\/08\/IPM_0947-scaled.jpg?w=2160&amp;ssl=1 2160w\" sizes=\"(max-width: 1080px) 100vw, 1080px\" \/><\/a><\/figure>\n\n\n\n<figure class=\"wp-block-image size-large\"><a href=\"https:\/\/i0.wp.com\/www.pasteur.mg\/wp-content\/uploads\/2022\/08\/IPM_0935-2-scaled.jpg?ssl=1\"><img data-recalc-dims=\"1\" loading=\"lazy\" decoding=\"async\" width=\"1080\" height=\"417\" data-attachment-id=\"12292\" data-permalink=\"https:\/\/www.pasteur.mg\/en\/projet-rise-formation-renforcement-des-capacites-en-transfert-de-connaissances-%ef%bf%bc%ef%bf%bc\/ipm_0935-2\/\" data-orig-file=\"https:\/\/i0.wp.com\/www.pasteur.mg\/wp-content\/uploads\/2022\/08\/IPM_0935-2-scaled.jpg?fit=2560%2C989&amp;ssl=1\" data-orig-size=\"2560,989\" data-comments-opened=\"0\" data-image-meta=\"{&quot;aperture&quot;:&quot;3.5&quot;,&quot;credit&quot;:&quot;Sitraka ANDRINIVO&quot;,&quot;camera&quot;:&quot;NIKON D7200&quot;,&quot;caption&quot;:&quot;&quot;,&quot;created_timestamp&quot;:&quot;1652095940&quot;,&quot;copyright&quot;:&quot;Institut Pasteur de Madagascar&quot;,&quot;focal_length&quot;:&quot;18&quot;,&quot;iso&quot;:&quot;1270&quot;,&quot;shutter_speed&quot;:&quot;0.016666666666667&quot;,&quot;title&quot;:&quot;&quot;,&quot;orientation&quot;:&quot;1&quot;}\" data-image-title=\"IPM_0935 (2)\" data-image-description=\"\" data-image-caption=\"\" data-large-file=\"https:\/\/i0.wp.com\/www.pasteur.mg\/wp-content\/uploads\/2022\/08\/IPM_0935-2-scaled.jpg?fit=1024%2C396&amp;ssl=1\" data-id=\"12292\" src=\"https:\/\/i0.wp.com\/www.pasteur.mg\/wp-content\/uploads\/2022\/08\/IPM_0935-2-scaled.jpg?resize=1080%2C417&#038;ssl=1\" alt=\"\" class=\"wp-image-12292\" srcset=\"https:\/\/i0.wp.com\/www.pasteur.mg\/wp-content\/uploads\/2022\/08\/IPM_0935-2-scaled.jpg?w=2560&amp;ssl=1 2560w, https:\/\/i0.wp.com\/www.pasteur.mg\/wp-content\/uploads\/2022\/08\/IPM_0935-2-scaled.jpg?resize=300%2C116&amp;ssl=1 300w, https:\/\/i0.wp.com\/www.pasteur.mg\/wp-content\/uploads\/2022\/08\/IPM_0935-2-scaled.jpg?resize=1024%2C396&amp;ssl=1 1024w, https:\/\/i0.wp.com\/www.pasteur.mg\/wp-content\/uploads\/2022\/08\/IPM_0935-2-scaled.jpg?resize=768%2C297&amp;ssl=1 768w, https:\/\/i0.wp.com\/www.pasteur.mg\/wp-content\/uploads\/2022\/08\/IPM_0935-2-scaled.jpg?resize=1536%2C594&amp;ssl=1 1536w, https:\/\/i0.wp.com\/www.pasteur.mg\/wp-content\/uploads\/2022\/08\/IPM_0935-2-scaled.jpg?resize=2048%2C792&amp;ssl=1 2048w, https:\/\/i0.wp.com\/www.pasteur.mg\/wp-content\/uploads\/2022\/08\/IPM_0935-2-scaled.jpg?resize=704%2C272&amp;ssl=1 704w, https:\/\/i0.wp.com\/www.pasteur.mg\/wp-content\/uploads\/2022\/08\/IPM_0935-2-scaled.jpg?w=2160&amp;ssl=1 2160w\" sizes=\"(max-width: 1080px) 100vw, 1080px\" \/><\/a><\/figure>\n<\/figure>\n\n\n\n<p><\/p>","protected":false},"excerpt":{"rendered":"<p>L\u2019Institut Pasteur de Madagascar (IPM) a organis\u00e9 une formation de \u00ab\u00a0Renforcement des capacit\u00e9s en transfert de connaissances\u00a0\u00bb du 9 au 20 mai 2022, dans le cadre du Projet RISE (Recherche, Innovation, Surveillance et Evaluation) financ\u00e9 par l\u2019Agence des \u00c9tats-Unis pour le d\u00e9veloppement international (USAID). Suite \u00e0 une premi\u00e8re formation sur le transfert de connaissances en [&hellip;]<\/p>","protected":false},"author":9,"featured_media":12289,"comment_status":"closed","ping_status":"closed","sticky":false,"template":"","format":"standard","meta":{"_acf_changed":false,"_et_pb_use_builder":"","_et_pb_old_content":"","_et_gb_content_width":"","jetpack_post_was_ever_published":false,"_jetpack_newsletter_access":"","_jetpack_dont_email_post_to_subs":false,"_jetpack_newsletter_tier_id":0,"_jetpack_memberships_contains_paywalled_content":false,"_jetpack_memberships_contains_paid_content":false,"footnotes":""},"categories":[744],"tags":[],"class_list":["post-12288","post","type-post","status-publish","format-standard","has-post-thumbnail","hentry","category-formation"],"acf":[],"yoast_head":"<!-- This site is optimized with the Yoast SEO plugin v27.4 - https:\/\/yoast.com\/product\/yoast-seo-wordpress\/ -->\n<title>Projet RISE : Formation sur le renforcement des capacit\u00e9s en transfert de connaissances - Institut Pasteur de Madagascar<\/title>\n<meta name=\"description\" content=\"L\u2019Institut Pasteur de Madagascar (IPM) a organis\u00e9 une formation de \u00ab\u00a0Renforcement des capacit\u00e9s en transfert de connaissances\u00a0\u00bb du 9 au 20 mai 2022, dans\" \/>\n<meta name=\"robots\" content=\"index, follow, max-snippet:-1, max-image-preview:large, max-video-preview:-1\" \/>\n<link rel=\"canonical\" href=\"https:\/\/www.pasteur.mg\/en\/projet-rise-formation-renforcement-des-capacites-en-transfert-de-connaissances-\ufffc\ufffc\/\" \/>\n<meta property=\"og:locale\" content=\"en_US\" \/>\n<meta property=\"og:type\" content=\"article\" \/>\n<meta property=\"og:title\" content=\"Projet RISE : Formation sur le renforcement des capacit\u00e9s en transfert de connaissances - Institut Pasteur de Madagascar\" \/>\n<meta property=\"og:description\" content=\"L\u2019Institut Pasteur de Madagascar (IPM) a organis\u00e9 une formation de \u00ab\u00a0Renforcement des capacit\u00e9s en transfert de connaissances\u00a0\u00bb du 9 au 20 mai 2022, dans\" \/>\n<meta property=\"og:url\" content=\"https:\/\/www.pasteur.mg\/en\/projet-rise-formation-renforcement-des-capacites-en-transfert-de-connaissances-\ufffc\ufffc\/\" \/>\n<meta property=\"og:site_name\" content=\"Institut Pasteur de Madagascar\" \/>\n<meta property=\"article:publisher\" content=\"https:\/\/www.facebook.com\/pasteurMG\" \/>\n<meta property=\"article:published_time\" content=\"2022-08-29T07:39:02+00:00\" \/>\n<meta property=\"article:modified_time\" content=\"2023-05-17T11:54:43+00:00\" \/>\n<meta property=\"og:image\" content=\"https:\/\/www.pasteur.mg\/wp-content\/uploads\/2022\/08\/IPM_0953-scaled.jpg\" \/>\n\t<meta property=\"og:image:width\" content=\"2560\" \/>\n\t<meta property=\"og:image:height\" content=\"1276\" \/>\n\t<meta property=\"og:image:type\" content=\"image\/jpeg\" \/>\n<meta name=\"author\" content=\"Tiana Iriantsoa\" \/>\n<meta name=\"twitter:card\" content=\"summary_large_image\" \/>\n<meta name=\"twitter:creator\" content=\"@pasteurMG\" \/>\n<meta name=\"twitter:site\" content=\"@pasteurMG\" \/>\n<meta name=\"twitter:label1\" content=\"Written by\" \/>\n\t<meta name=\"twitter:data1\" content=\"Tiana Iriantsoa\" \/>\n\t<meta name=\"twitter:label2\" content=\"Est. reading time\" \/>\n\t<meta name=\"twitter:data2\" content=\"4 minutes\" \/>\n<script type=\"application\/ld+json\" class=\"yoast-schema-graph\">{\"@context\":\"https:\\\/\\\/schema.org\",\"@graph\":[{\"@type\":\"Article\",\"@id\":\"https:\\\/\\\/www.pasteur.mg\\\/projet-rise-formation-renforcement-des-capacites-en-transfert-de-connaissances-%ef%bf%bc%ef%bf%bc\\\/#article\",\"isPartOf\":{\"@id\":\"https:\\\/\\\/www.pasteur.mg\\\/projet-rise-formation-renforcement-des-capacites-en-transfert-de-connaissances-%ef%bf%bc%ef%bf%bc\\\/\"},\"author\":{\"name\":\"Tiana Iriantsoa\",\"@id\":\"https:\\\/\\\/www.pasteur.mg\\\/#\\\/schema\\\/person\\\/44667b770912962e0db13e30faa0631b\"},\"headline\":\"Projet RISE : Formation sur le renforcement des capacit\u00e9s en transfert de connaissances\",\"datePublished\":\"2022-08-29T07:39:02+00:00\",\"dateModified\":\"2023-05-17T11:54:43+00:00\",\"mainEntityOfPage\":{\"@id\":\"https:\\\/\\\/www.pasteur.mg\\\/projet-rise-formation-renforcement-des-capacites-en-transfert-de-connaissances-%ef%bf%bc%ef%bf%bc\\\/\"},\"wordCount\":594,\"publisher\":{\"@id\":\"https:\\\/\\\/www.pasteur.mg\\\/#organization\"},\"image\":{\"@id\":\"https:\\\/\\\/www.pasteur.mg\\\/projet-rise-formation-renforcement-des-capacites-en-transfert-de-connaissances-%ef%bf%bc%ef%bf%bc\\\/#primaryimage\"},\"thumbnailUrl\":\"https:\\\/\\\/i0.wp.com\\\/www.pasteur.mg\\\/wp-content\\\/uploads\\\/2022\\\/08\\\/IPM_0953-scaled.jpg?fit=2560%2C1276&ssl=1\",\"articleSection\":[\"Formation\"],\"inLanguage\":\"en-US\"},{\"@type\":\"WebPage\",\"@id\":\"https:\\\/\\\/www.pasteur.mg\\\/projet-rise-formation-renforcement-des-capacites-en-transfert-de-connaissances-%ef%bf%bc%ef%bf%bc\\\/\",\"url\":\"https:\\\/\\\/www.pasteur.mg\\\/projet-rise-formation-renforcement-des-capacites-en-transfert-de-connaissances-%ef%bf%bc%ef%bf%bc\\\/\",\"name\":\"Projet RISE : Formation sur le renforcement des capacit\u00e9s en transfert de connaissances - Institut Pasteur de Madagascar\",\"isPartOf\":{\"@id\":\"https:\\\/\\\/www.pasteur.mg\\\/#website\"},\"primaryImageOfPage\":{\"@id\":\"https:\\\/\\\/www.pasteur.mg\\\/projet-rise-formation-renforcement-des-capacites-en-transfert-de-connaissances-%ef%bf%bc%ef%bf%bc\\\/#primaryimage\"},\"image\":{\"@id\":\"https:\\\/\\\/www.pasteur.mg\\\/projet-rise-formation-renforcement-des-capacites-en-transfert-de-connaissances-%ef%bf%bc%ef%bf%bc\\\/#primaryimage\"},\"thumbnailUrl\":\"https:\\\/\\\/i0.wp.com\\\/www.pasteur.mg\\\/wp-content\\\/uploads\\\/2022\\\/08\\\/IPM_0953-scaled.jpg?fit=2560%2C1276&ssl=1\",\"datePublished\":\"2022-08-29T07:39:02+00:00\",\"dateModified\":\"2023-05-17T11:54:43+00:00\",\"description\":\"L\u2019Institut Pasteur de Madagascar (IPM) a organis\u00e9 une formation de \u00ab\u00a0Renforcement des capacit\u00e9s en transfert de connaissances\u00a0\u00bb du 9 au 20 mai 2022, dans\",\"breadcrumb\":{\"@id\":\"https:\\\/\\\/www.pasteur.mg\\\/projet-rise-formation-renforcement-des-capacites-en-transfert-de-connaissances-%ef%bf%bc%ef%bf%bc\\\/#breadcrumb\"},\"inLanguage\":\"en-US\",\"potentialAction\":[{\"@type\":\"ReadAction\",\"target\":[\"https:\\\/\\\/www.pasteur.mg\\\/projet-rise-formation-renforcement-des-capacites-en-transfert-de-connaissances-%ef%bf%bc%ef%bf%bc\\\/\"]}]},{\"@type\":\"ImageObject\",\"inLanguage\":\"en-US\",\"@id\":\"https:\\\/\\\/www.pasteur.mg\\\/projet-rise-formation-renforcement-des-capacites-en-transfert-de-connaissances-%ef%bf%bc%ef%bf%bc\\\/#primaryimage\",\"url\":\"https:\\\/\\\/i0.wp.com\\\/www.pasteur.mg\\\/wp-content\\\/uploads\\\/2022\\\/08\\\/IPM_0953-scaled.jpg?fit=2560%2C1276&ssl=1\",\"contentUrl\":\"https:\\\/\\\/i0.wp.com\\\/www.pasteur.mg\\\/wp-content\\\/uploads\\\/2022\\\/08\\\/IPM_0953-scaled.jpg?fit=2560%2C1276&ssl=1\",\"width\":2560,\"height\":1276},{\"@type\":\"BreadcrumbList\",\"@id\":\"https:\\\/\\\/www.pasteur.mg\\\/projet-rise-formation-renforcement-des-capacites-en-transfert-de-connaissances-%ef%bf%bc%ef%bf%bc\\\/#breadcrumb\",\"itemListElement\":[{\"@type\":\"ListItem\",\"position\":1,\"name\":\"Accueil\",\"item\":\"https:\\\/\\\/www.pasteur.mg\\\/\"},{\"@type\":\"ListItem\",\"position\":2,\"name\":\"Projet RISE : Formation sur le renforcement des capacit\u00e9s en transfert de connaissances\"}]},{\"@type\":\"WebSite\",\"@id\":\"https:\\\/\\\/www.pasteur.mg\\\/#website\",\"url\":\"https:\\\/\\\/www.pasteur.mg\\\/\",\"name\":\"Institut Pasteur de Madagascar\",\"description\":\"Etablissement scientifique priv\u00e9 malgache, \u00e0 but non lucratif et reconnu d\u2019utilit\u00e9 publique du R\u00e9seau International des Instituts Pasteur, plac\u00e9 sous le Haut patronage du gouvernement de la R\u00e9publique Malgache.\",\"publisher\":{\"@id\":\"https:\\\/\\\/www.pasteur.mg\\\/#organization\"},\"potentialAction\":[{\"@type\":\"SearchAction\",\"target\":{\"@type\":\"EntryPoint\",\"urlTemplate\":\"https:\\\/\\\/www.pasteur.mg\\\/?s={search_term_string}\"},\"query-input\":{\"@type\":\"PropertyValueSpecification\",\"valueRequired\":true,\"valueName\":\"search_term_string\"}}],\"inLanguage\":\"en-US\"},{\"@type\":\"Organization\",\"@id\":\"https:\\\/\\\/www.pasteur.mg\\\/#organization\",\"name\":\"Institut Pasteur de Madagascar\",\"url\":\"https:\\\/\\\/www.pasteur.mg\\\/\",\"logo\":{\"@type\":\"ImageObject\",\"inLanguage\":\"en-US\",\"@id\":\"https:\\\/\\\/www.pasteur.mg\\\/#\\\/schema\\\/logo\\\/image\\\/\",\"url\":\"https:\\\/\\\/www.pasteur.mg\\\/wp-content\\\/uploads\\\/2025\\\/03\\\/Logo-IPM-1.png\",\"contentUrl\":\"https:\\\/\\\/www.pasteur.mg\\\/wp-content\\\/uploads\\\/2025\\\/03\\\/Logo-IPM-1.png\",\"width\":5865,\"height\":3422,\"caption\":\"Institut Pasteur de Madagascar\"},\"image\":{\"@id\":\"https:\\\/\\\/www.pasteur.mg\\\/#\\\/schema\\\/logo\\\/image\\\/\"},\"sameAs\":[\"https:\\\/\\\/www.facebook.com\\\/pasteurMG\",\"https:\\\/\\\/x.com\\\/pasteurMG\",\"https:\\\/\\\/www.linkedin.com\\\/company\\\/institut-pasteur-de-madagascar\"]},{\"@type\":\"Person\",\"@id\":\"https:\\\/\\\/www.pasteur.mg\\\/#\\\/schema\\\/person\\\/44667b770912962e0db13e30faa0631b\",\"name\":\"Tiana Iriantsoa\",\"image\":{\"@type\":\"ImageObject\",\"inLanguage\":\"en-US\",\"@id\":\"https:\\\/\\\/secure.gravatar.com\\\/avatar\\\/48a2e5058bed52e6dc974d27747aa2cee847525becc7312b2c7c327f82e0c7e4?s=96&d=mm&r=g\",\"url\":\"https:\\\/\\\/secure.gravatar.com\\\/avatar\\\/48a2e5058bed52e6dc974d27747aa2cee847525becc7312b2c7c327f82e0c7e4?s=96&d=mm&r=g\",\"contentUrl\":\"https:\\\/\\\/secure.gravatar.com\\\/avatar\\\/48a2e5058bed52e6dc974d27747aa2cee847525becc7312b2c7c327f82e0c7e4?s=96&d=mm&r=g\",\"caption\":\"Tiana Iriantsoa\"}}]}<\/script>\n<!-- \/ Yoast SEO plugin. -->","yoast_head_json":{"title":"Projet RISE : Formation sur le renforcement des capacit\u00e9s en transfert de connaissances - Institut Pasteur de Madagascar","description":"L\u2019Institut Pasteur de Madagascar (IPM) a organis\u00e9 une formation de \u00ab\u00a0Renforcement des capacit\u00e9s en transfert de connaissances\u00a0\u00bb du 9 au 20 mai 2022, dans","robots":{"index":"index","follow":"follow","max-snippet":"max-snippet:-1","max-image-preview":"max-image-preview:large","max-video-preview":"max-video-preview:-1"},"canonical":"https:\/\/www.pasteur.mg\/en\/projet-rise-formation-renforcement-des-capacites-en-transfert-de-connaissances-\ufffc\ufffc\/","og_locale":"en_US","og_type":"article","og_title":"Projet RISE : Formation sur le renforcement des capacit\u00e9s en transfert de connaissances - Institut Pasteur de Madagascar","og_description":"L\u2019Institut Pasteur de Madagascar (IPM) a organis\u00e9 une formation de \u00ab\u00a0Renforcement des capacit\u00e9s en transfert de connaissances\u00a0\u00bb du 9 au 20 mai 2022, dans","og_url":"https:\/\/www.pasteur.mg\/en\/projet-rise-formation-renforcement-des-capacites-en-transfert-de-connaissances-\ufffc\ufffc\/","og_site_name":"Institut Pasteur de Madagascar","article_publisher":"https:\/\/www.facebook.com\/pasteurMG","article_published_time":"2022-08-29T07:39:02+00:00","article_modified_time":"2023-05-17T11:54:43+00:00","og_image":[{"width":2560,"height":1276,"url":"https:\/\/www.pasteur.mg\/wp-content\/uploads\/2022\/08\/IPM_0953-scaled.jpg","type":"image\/jpeg"}],"author":"Tiana Iriantsoa","twitter_card":"summary_large_image","twitter_creator":"@pasteurMG","twitter_site":"@pasteurMG","twitter_misc":{"Written by":"Tiana Iriantsoa","Est. reading time":"4 minutes"},"schema":{"@context":"https:\/\/schema.org","@graph":[{"@type":"Article","@id":"https:\/\/www.pasteur.mg\/projet-rise-formation-renforcement-des-capacites-en-transfert-de-connaissances-%ef%bf%bc%ef%bf%bc\/#article","isPartOf":{"@id":"https:\/\/www.pasteur.mg\/projet-rise-formation-renforcement-des-capacites-en-transfert-de-connaissances-%ef%bf%bc%ef%bf%bc\/"},"author":{"name":"Tiana Iriantsoa","@id":"https:\/\/www.pasteur.mg\/#\/schema\/person\/44667b770912962e0db13e30faa0631b"},"headline":"Projet RISE : Formation sur le renforcement des capacit\u00e9s en transfert de connaissances","datePublished":"2022-08-29T07:39:02+00:00","dateModified":"2023-05-17T11:54:43+00:00","mainEntityOfPage":{"@id":"https:\/\/www.pasteur.mg\/projet-rise-formation-renforcement-des-capacites-en-transfert-de-connaissances-%ef%bf%bc%ef%bf%bc\/"},"wordCount":594,"publisher":{"@id":"https:\/\/www.pasteur.mg\/#organization"},"image":{"@id":"https:\/\/www.pasteur.mg\/projet-rise-formation-renforcement-des-capacites-en-transfert-de-connaissances-%ef%bf%bc%ef%bf%bc\/#primaryimage"},"thumbnailUrl":"https:\/\/i0.wp.com\/www.pasteur.mg\/wp-content\/uploads\/2022\/08\/IPM_0953-scaled.jpg?fit=2560%2C1276&ssl=1","articleSection":["Formation"],"inLanguage":"en-US"},{"@type":"WebPage","@id":"https:\/\/www.pasteur.mg\/projet-rise-formation-renforcement-des-capacites-en-transfert-de-connaissances-%ef%bf%bc%ef%bf%bc\/","url":"https:\/\/www.pasteur.mg\/projet-rise-formation-renforcement-des-capacites-en-transfert-de-connaissances-%ef%bf%bc%ef%bf%bc\/","name":"Projet RISE : Formation sur le renforcement des capacit\u00e9s en transfert de connaissances - Institut Pasteur de Madagascar","isPartOf":{"@id":"https:\/\/www.pasteur.mg\/#website"},"primaryImageOfPage":{"@id":"https:\/\/www.pasteur.mg\/projet-rise-formation-renforcement-des-capacites-en-transfert-de-connaissances-%ef%bf%bc%ef%bf%bc\/#primaryimage"},"image":{"@id":"https:\/\/www.pasteur.mg\/projet-rise-formation-renforcement-des-capacites-en-transfert-de-connaissances-%ef%bf%bc%ef%bf%bc\/#primaryimage"},"thumbnailUrl":"https:\/\/i0.wp.com\/www.pasteur.mg\/wp-content\/uploads\/2022\/08\/IPM_0953-scaled.jpg?fit=2560%2C1276&ssl=1","datePublished":"2022-08-29T07:39:02+00:00","dateModified":"2023-05-17T11:54:43+00:00","description":"L\u2019Institut Pasteur de Madagascar (IPM) a organis\u00e9 une formation de \u00ab\u00a0Renforcement des capacit\u00e9s en transfert de connaissances\u00a0\u00bb du 9 au 20 mai 2022, dans","breadcrumb":{"@id":"https:\/\/www.pasteur.mg\/projet-rise-formation-renforcement-des-capacites-en-transfert-de-connaissances-%ef%bf%bc%ef%bf%bc\/#breadcrumb"},"inLanguage":"en-US","potentialAction":[{"@type":"ReadAction","target":["https:\/\/www.pasteur.mg\/projet-rise-formation-renforcement-des-capacites-en-transfert-de-connaissances-%ef%bf%bc%ef%bf%bc\/"]}]},{"@type":"ImageObject","inLanguage":"en-US","@id":"https:\/\/www.pasteur.mg\/projet-rise-formation-renforcement-des-capacites-en-transfert-de-connaissances-%ef%bf%bc%ef%bf%bc\/#primaryimage","url":"https:\/\/i0.wp.com\/www.pasteur.mg\/wp-content\/uploads\/2022\/08\/IPM_0953-scaled.jpg?fit=2560%2C1276&ssl=1","contentUrl":"https:\/\/i0.wp.com\/www.pasteur.mg\/wp-content\/uploads\/2022\/08\/IPM_0953-scaled.jpg?fit=2560%2C1276&ssl=1","width":2560,"height":1276},{"@type":"BreadcrumbList","@id":"https:\/\/www.pasteur.mg\/projet-rise-formation-renforcement-des-capacites-en-transfert-de-connaissances-%ef%bf%bc%ef%bf%bc\/#breadcrumb","itemListElement":[{"@type":"ListItem","position":1,"name":"Accueil","item":"https:\/\/www.pasteur.mg\/"},{"@type":"ListItem","position":2,"name":"Projet RISE : Formation sur le renforcement des capacit\u00e9s en transfert de connaissances"}]},{"@type":"WebSite","@id":"https:\/\/www.pasteur.mg\/#website","url":"https:\/\/www.pasteur.mg\/","name":"Institut Pasteur de Madagascar","description":"Etablissement scientifique priv\u00e9 malgache, \u00e0 but non lucratif et reconnu d\u2019utilit\u00e9 publique du R\u00e9seau International des Instituts Pasteur, plac\u00e9 sous le Haut patronage du gouvernement de la R\u00e9publique Malgache.","publisher":{"@id":"https:\/\/www.pasteur.mg\/#organization"},"potentialAction":[{"@type":"SearchAction","target":{"@type":"EntryPoint","urlTemplate":"https:\/\/www.pasteur.mg\/?s={search_term_string}"},"query-input":{"@type":"PropertyValueSpecification","valueRequired":true,"valueName":"search_term_string"}}],"inLanguage":"en-US"},{"@type":"Organization","@id":"https:\/\/www.pasteur.mg\/#organization","name":"Institut Pasteur de Madagascar","url":"https:\/\/www.pasteur.mg\/","logo":{"@type":"ImageObject","inLanguage":"en-US","@id":"https:\/\/www.pasteur.mg\/#\/schema\/logo\/image\/","url":"https:\/\/www.pasteur.mg\/wp-content\/uploads\/2025\/03\/Logo-IPM-1.png","contentUrl":"https:\/\/www.pasteur.mg\/wp-content\/uploads\/2025\/03\/Logo-IPM-1.png","width":5865,"height":3422,"caption":"Institut Pasteur de Madagascar"},"image":{"@id":"https:\/\/www.pasteur.mg\/#\/schema\/logo\/image\/"},"sameAs":["https:\/\/www.facebook.com\/pasteurMG","https:\/\/x.com\/pasteurMG","https:\/\/www.linkedin.com\/company\/institut-pasteur-de-madagascar"]},{"@type":"Person","@id":"https:\/\/www.pasteur.mg\/#\/schema\/person\/44667b770912962e0db13e30faa0631b","name":"Tiana Iriantsoa","image":{"@type":"ImageObject","inLanguage":"en-US","@id":"https:\/\/secure.gravatar.com\/avatar\/48a2e5058bed52e6dc974d27747aa2cee847525becc7312b2c7c327f82e0c7e4?s=96&d=mm&r=g","url":"https:\/\/secure.gravatar.com\/avatar\/48a2e5058bed52e6dc974d27747aa2cee847525becc7312b2c7c327f82e0c7e4?s=96&d=mm&r=g","contentUrl":"https:\/\/secure.gravatar.com\/avatar\/48a2e5058bed52e6dc974d27747aa2cee847525becc7312b2c7c327f82e0c7e4?s=96&d=mm&r=g","caption":"Tiana Iriantsoa"}}]}},"jetpack_featured_media_url":"https:\/\/i0.wp.com\/www.pasteur.mg\/wp-content\/uploads\/2022\/08\/IPM_0953-scaled.jpg?fit=2560%2C1276&ssl=1","jetpack_sharing_enabled":true,"publishpress_future_action":{"enabled":false,"date":"2026-05-05 09:49:28","action":"change-status","newStatus":"draft","terms":[],"taxonomy":"category","extraData":[]},"publishpress_future_workflow_manual_trigger":{"enabledWorkflows":[]},"amp_enabled":true,"_links":{"self":[{"href":"https:\/\/www.pasteur.mg\/en\/wp-json\/wp\/v2\/posts\/12288","targetHints":{"allow":["GET"]}}],"collection":[{"href":"https:\/\/www.pasteur.mg\/en\/wp-json\/wp\/v2\/posts"}],"about":[{"href":"https:\/\/www.pasteur.mg\/en\/wp-json\/wp\/v2\/types\/post"}],"author":[{"embeddable":true,"href":"https:\/\/www.pasteur.mg\/en\/wp-json\/wp\/v2\/users\/9"}],"replies":[{"embeddable":true,"href":"https:\/\/www.pasteur.mg\/en\/wp-json\/wp\/v2\/comments?post=12288"}],"version-history":[{"count":4,"href":"https:\/\/www.pasteur.mg\/en\/wp-json\/wp\/v2\/posts\/12288\/revisions"}],"predecessor-version":[{"id":12298,"href":"https:\/\/www.pasteur.mg\/en\/wp-json\/wp\/v2\/posts\/12288\/revisions\/12298"}],"wp:featuredmedia":[{"embeddable":true,"href":"https:\/\/www.pasteur.mg\/en\/wp-json\/wp\/v2\/media\/12289"}],"wp:attachment":[{"href":"https:\/\/www.pasteur.mg\/en\/wp-json\/wp\/v2\/media?parent=12288"}],"wp:term":[{"taxonomy":"category","embeddable":true,"href":"https:\/\/www.pasteur.mg\/en\/wp-json\/wp\/v2\/categories?post=12288"},{"taxonomy":"post_tag","embeddable":true,"href":"https:\/\/www.pasteur.mg\/en\/wp-json\/wp\/v2\/tags?post=12288"}],"curies":[{"name":"wp","href":"https:\/\/api.w.org\/{rel}","templated":true}]}}