{"id":22001,"date":"2026-01-13T10:20:03","date_gmt":"2026-01-13T07:20:03","guid":{"rendered":"https:\/\/www.pasteur.mg\/?p=22001"},"modified":"2026-01-13T10:34:20","modified_gmt":"2026-01-13T07:34:20","slug":"circulation-du-virus-mpox-a-madagascar-communique-officiel-de-la-ministre-de-la-sante","status":"publish","type":"post","link":"https:\/\/www.pasteur.mg\/en\/circulation-du-virus-mpox-a-madagascar-communique-officiel-de-la-ministre-de-la-sante\/","title":{"rendered":"Circulation du virus Mpox \u00e0 Madagascar : communiqu\u00e9 officiel de la Ministre de la Sant\u00e9"},"content":{"rendered":"<p>Suite \u00e0 l\u2019annonce de Madame la Ministre de la Sant\u00e9 concernant la notification de la circulation du virus Mpox (clade 1b), les \u00e9quipes de l\u2019Institut Pasteur de Madagascar (IPM) demeurent pleinement engag\u00e9es aux c\u00f4t\u00e9s des autorit\u00e9s sanitaires nationales pour renforcer la surveillance, la pr\u00e9vention et la r\u00e9ponse face au Mpox.<\/p>\n<p>Pour voir le communiqu\u00e9 officiel de la Ministre de la Sant\u00e9\u00a0: <a href=\"https:\/\/www.facebook.com\/reel\/793664440356115\">https:\/\/www.facebook.com\/reel\/793664440356115<\/a><\/p>\n<p><img data-recalc-dims=\"1\" loading=\"lazy\" decoding=\"async\" data-attachment-id=\"22004\" data-permalink=\"https:\/\/www.pasteur.mg\/en\/circulation-du-virus-mpox-a-madagascar-communique-officiel-de-la-ministre-de-la-sante\/epidemie-de-mpox-a-madagascar_v2\/\" data-orig-file=\"https:\/\/i0.wp.com\/www.pasteur.mg\/wp-content\/uploads\/2026\/01\/Epidemie-de-Mpox-a-Madagascar_V2.png?fit=1200%2C1200&amp;ssl=1\" data-orig-size=\"1200,1200\" data-comments-opened=\"0\" data-image-meta=\"{&quot;aperture&quot;:&quot;0&quot;,&quot;credit&quot;:&quot;&quot;,&quot;camera&quot;:&quot;&quot;,&quot;caption&quot;:&quot;&quot;,&quot;created_timestamp&quot;:&quot;0&quot;,&quot;copyright&quot;:&quot;&quot;,&quot;focal_length&quot;:&quot;0&quot;,&quot;iso&quot;:&quot;0&quot;,&quot;shutter_speed&quot;:&quot;0&quot;,&quot;title&quot;:&quot;&quot;,&quot;orientation&quot;:&quot;0&quot;}\" data-image-title=\"Epid\u00e9mie de Mpox \u00e0 Madagascar_V2\" data-image-description=\"\" data-image-caption=\"\" data-large-file=\"https:\/\/i0.wp.com\/www.pasteur.mg\/wp-content\/uploads\/2026\/01\/Epidemie-de-Mpox-a-Madagascar_V2.png?fit=1024%2C1024&amp;ssl=1\" class=\"aligncenter wp-image-22004 size-full\" src=\"https:\/\/i0.wp.com\/www.pasteur.mg\/wp-content\/uploads\/2026\/01\/Epidemie-de-Mpox-a-Madagascar_V2.png?resize=1080%2C1080&#038;ssl=1\" alt=\"\" width=\"1080\" height=\"1080\" srcset=\"https:\/\/www.pasteur.mg\/wp-content\/uploads\/2026\/01\/Epidemie-de-Mpox-a-Madagascar_V2.png 1200w, https:\/\/www.pasteur.mg\/wp-content\/uploads\/2026\/01\/Epidemie-de-Mpox-a-Madagascar_V2-980x980.png 980w, https:\/\/www.pasteur.mg\/wp-content\/uploads\/2026\/01\/Epidemie-de-Mpox-a-Madagascar_V2-480x480.png 480w\" sizes=\"(min-width: 0px) and (max-width: 480px) 480px, (min-width: 481px) and (max-width: 980px) 980px, (min-width: 981px) 1200px, 100vw\" \/><\/p>\n<p>&nbsp;<\/p>","protected":false},"excerpt":{"rendered":"<p>Suite \u00e0 l\u2019annonce de Madame la Ministre de la Sant\u00e9 concernant la notification de la circulation du virus Mpox (clade 1b), les \u00e9quipes de l\u2019Institut Pasteur de Madagascar (IPM) demeurent pleinement engag\u00e9es aux c\u00f4t\u00e9s des autorit\u00e9s sanitaires nationales pour renforcer la surveillance, la pr\u00e9vention et la r\u00e9ponse face au Mpox. Pour voir le communiqu\u00e9 officiel [&hellip;]<\/p>","protected":false},"author":23,"featured_media":22004,"comment_status":"closed","ping_status":"closed","sticky":false,"template":"","format":"standard","meta":{"_acf_changed":false,"_et_pb_use_builder":"","_et_pb_old_content":"","_et_gb_content_width":"","jetpack_post_was_ever_published":false,"_jetpack_newsletter_access":"","_jetpack_dont_email_post_to_subs":false,"_jetpack_newsletter_tier_id":0,"_jetpack_memberships_contains_paywalled_content":false,"_jetpack_memberships_contains_paid_content":false,"footnotes":""},"categories":[7,616],"tags":[],"class_list":["post-22001","post","type-post","status-publish","format-standard","has-post-thumbnail","hentry","category-actualites","category-controle-des-maladies-infectieuses"],"acf":[],"yoast_head":"<!-- This site is optimized with the Yoast SEO plugin v27.5 - https:\/\/yoast.com\/product\/yoast-seo-wordpress\/ -->\n<title>Circulation du virus Mpox \u00e0 Madagascar : communiqu\u00e9 officiel de la Ministre de la Sant\u00e9 - Institut Pasteur de Madagascar<\/title>\n<meta name=\"description\" content=\"Suite \u00e0 l\u2019annonce de Madame la Ministre de la Sant\u00e9 concernant la notification de la circulation du virus Mpox (clade 1b), les \u00e9quipes de l\u2019Institut\" \/>\n<meta name=\"robots\" content=\"index, follow, max-snippet:-1, max-image-preview:large, max-video-preview:-1\" \/>\n<link rel=\"canonical\" href=\"https:\/\/www.pasteur.mg\/en\/circulation-du-virus-mpox-a-madagascar-communique-officiel-de-la-ministre-de-la-sante\/\" \/>\n<meta property=\"og:locale\" content=\"en_US\" \/>\n<meta property=\"og:type\" content=\"article\" \/>\n<meta property=\"og:title\" content=\"Circulation du virus Mpox \u00e0 Madagascar : communiqu\u00e9 officiel de la Ministre de la Sant\u00e9 - Institut Pasteur de Madagascar\" \/>\n<meta property=\"og:description\" content=\"Suite \u00e0 l\u2019annonce de Madame la Ministre de la Sant\u00e9 concernant la notification de la circulation du virus Mpox (clade 1b), les \u00e9quipes de l\u2019Institut\" \/>\n<meta property=\"og:url\" content=\"https:\/\/www.pasteur.mg\/en\/circulation-du-virus-mpox-a-madagascar-communique-officiel-de-la-ministre-de-la-sante\/\" \/>\n<meta property=\"og:site_name\" content=\"Institut Pasteur de Madagascar\" \/>\n<meta property=\"article:publisher\" content=\"https:\/\/www.facebook.com\/pasteurMG\" \/>\n<meta property=\"article:published_time\" content=\"2026-01-13T07:20:03+00:00\" \/>\n<meta property=\"article:modified_time\" content=\"2026-01-13T07:34:20+00:00\" \/>\n<meta property=\"og:image\" content=\"https:\/\/www.pasteur.mg\/wp-content\/uploads\/2026\/01\/Epidemie-de-Mpox-a-Madagascar_V2.png\" \/>\n\t<meta property=\"og:image:width\" content=\"1200\" \/>\n\t<meta property=\"og:image:height\" content=\"1200\" \/>\n\t<meta property=\"og:image:type\" content=\"image\/png\" \/>\n<meta name=\"author\" content=\"Lina\" \/>\n<meta name=\"twitter:card\" content=\"summary_large_image\" \/>\n<meta name=\"twitter:creator\" content=\"@pasteurMG\" \/>\n<meta name=\"twitter:site\" content=\"@pasteurMG\" \/>\n<meta name=\"twitter:label1\" content=\"Written by\" \/>\n\t<meta name=\"twitter:data1\" content=\"Lina\" \/>\n\t<meta name=\"twitter:label2\" content=\"Est. reading time\" \/>\n\t<meta name=\"twitter:data2\" content=\"1 minute\" \/>\n<script type=\"application\/ld+json\" class=\"yoast-schema-graph\">{\"@context\":\"https:\\\/\\\/schema.org\",\"@graph\":[{\"@type\":\"Article\",\"@id\":\"https:\\\/\\\/www.pasteur.mg\\\/circulation-du-virus-mpox-a-madagascar-communique-officiel-de-la-ministre-de-la-sante\\\/#article\",\"isPartOf\":{\"@id\":\"https:\\\/\\\/www.pasteur.mg\\\/circulation-du-virus-mpox-a-madagascar-communique-officiel-de-la-ministre-de-la-sante\\\/\"},\"author\":{\"name\":\"Lina\",\"@id\":\"https:\\\/\\\/www.pasteur.mg\\\/#\\\/schema\\\/person\\\/90c7de3f0bdb4640d0bdcaa29ce9cf14\"},\"headline\":\"Circulation du virus Mpox \u00e0 Madagascar : communiqu\u00e9 officiel de la Ministre de la Sant\u00e9\",\"datePublished\":\"2026-01-13T07:20:03+00:00\",\"dateModified\":\"2026-01-13T07:34:20+00:00\",\"mainEntityOfPage\":{\"@id\":\"https:\\\/\\\/www.pasteur.mg\\\/circulation-du-virus-mpox-a-madagascar-communique-officiel-de-la-ministre-de-la-sante\\\/\"},\"wordCount\":87,\"publisher\":{\"@id\":\"https:\\\/\\\/www.pasteur.mg\\\/#organization\"},\"image\":{\"@id\":\"https:\\\/\\\/www.pasteur.mg\\\/circulation-du-virus-mpox-a-madagascar-communique-officiel-de-la-ministre-de-la-sante\\\/#primaryimage\"},\"thumbnailUrl\":\"https:\\\/\\\/i0.wp.com\\\/www.pasteur.mg\\\/wp-content\\\/uploads\\\/2026\\\/01\\\/Epidemie-de-Mpox-a-Madagascar_V2.png?fit=1200%2C1200&ssl=1\",\"articleSection\":[\"Actualit\u00e9s\",\"Contr\u00f4le des maladies infectieuses\"],\"inLanguage\":\"en-US\"},{\"@type\":\"WebPage\",\"@id\":\"https:\\\/\\\/www.pasteur.mg\\\/circulation-du-virus-mpox-a-madagascar-communique-officiel-de-la-ministre-de-la-sante\\\/\",\"url\":\"https:\\\/\\\/www.pasteur.mg\\\/circulation-du-virus-mpox-a-madagascar-communique-officiel-de-la-ministre-de-la-sante\\\/\",\"name\":\"Circulation du virus Mpox \u00e0 Madagascar : communiqu\u00e9 officiel de la Ministre de la Sant\u00e9 - Institut Pasteur de Madagascar\",\"isPartOf\":{\"@id\":\"https:\\\/\\\/www.pasteur.mg\\\/#website\"},\"primaryImageOfPage\":{\"@id\":\"https:\\\/\\\/www.pasteur.mg\\\/circulation-du-virus-mpox-a-madagascar-communique-officiel-de-la-ministre-de-la-sante\\\/#primaryimage\"},\"image\":{\"@id\":\"https:\\\/\\\/www.pasteur.mg\\\/circulation-du-virus-mpox-a-madagascar-communique-officiel-de-la-ministre-de-la-sante\\\/#primaryimage\"},\"thumbnailUrl\":\"https:\\\/\\\/i0.wp.com\\\/www.pasteur.mg\\\/wp-content\\\/uploads\\\/2026\\\/01\\\/Epidemie-de-Mpox-a-Madagascar_V2.png?fit=1200%2C1200&ssl=1\",\"datePublished\":\"2026-01-13T07:20:03+00:00\",\"dateModified\":\"2026-01-13T07:34:20+00:00\",\"description\":\"Suite \u00e0 l\u2019annonce de Madame la Ministre de la Sant\u00e9 concernant la notification de la circulation du virus Mpox (clade 1b), les \u00e9quipes de l\u2019Institut\",\"breadcrumb\":{\"@id\":\"https:\\\/\\\/www.pasteur.mg\\\/circulation-du-virus-mpox-a-madagascar-communique-officiel-de-la-ministre-de-la-sante\\\/#breadcrumb\"},\"inLanguage\":\"en-US\",\"potentialAction\":[{\"@type\":\"ReadAction\",\"target\":[\"https:\\\/\\\/www.pasteur.mg\\\/circulation-du-virus-mpox-a-madagascar-communique-officiel-de-la-ministre-de-la-sante\\\/\"]}]},{\"@type\":\"ImageObject\",\"inLanguage\":\"en-US\",\"@id\":\"https:\\\/\\\/www.pasteur.mg\\\/circulation-du-virus-mpox-a-madagascar-communique-officiel-de-la-ministre-de-la-sante\\\/#primaryimage\",\"url\":\"https:\\\/\\\/i0.wp.com\\\/www.pasteur.mg\\\/wp-content\\\/uploads\\\/2026\\\/01\\\/Epidemie-de-Mpox-a-Madagascar_V2.png?fit=1200%2C1200&ssl=1\",\"contentUrl\":\"https:\\\/\\\/i0.wp.com\\\/www.pasteur.mg\\\/wp-content\\\/uploads\\\/2026\\\/01\\\/Epidemie-de-Mpox-a-Madagascar_V2.png?fit=1200%2C1200&ssl=1\",\"width\":1200,\"height\":1200},{\"@type\":\"BreadcrumbList\",\"@id\":\"https:\\\/\\\/www.pasteur.mg\\\/circulation-du-virus-mpox-a-madagascar-communique-officiel-de-la-ministre-de-la-sante\\\/#breadcrumb\",\"itemListElement\":[{\"@type\":\"ListItem\",\"position\":1,\"name\":\"Accueil\",\"item\":\"https:\\\/\\\/www.pasteur.mg\\\/\"},{\"@type\":\"ListItem\",\"position\":2,\"name\":\"Circulation du virus Mpox \u00e0 Madagascar : communiqu\u00e9 officiel de la Ministre de la Sant\u00e9\"}]},{\"@type\":\"WebSite\",\"@id\":\"https:\\\/\\\/www.pasteur.mg\\\/#website\",\"url\":\"https:\\\/\\\/www.pasteur.mg\\\/\",\"name\":\"Institut Pasteur de Madagascar\",\"description\":\"Etablissement scientifique priv\u00e9 malgache, \u00e0 but non lucratif et reconnu d\u2019utilit\u00e9 publique du R\u00e9seau International des Instituts Pasteur, plac\u00e9 sous le Haut patronage du gouvernement de la R\u00e9publique Malgache.\",\"publisher\":{\"@id\":\"https:\\\/\\\/www.pasteur.mg\\\/#organization\"},\"potentialAction\":[{\"@type\":\"SearchAction\",\"target\":{\"@type\":\"EntryPoint\",\"urlTemplate\":\"https:\\\/\\\/www.pasteur.mg\\\/?s={search_term_string}\"},\"query-input\":{\"@type\":\"PropertyValueSpecification\",\"valueRequired\":true,\"valueName\":\"search_term_string\"}}],\"inLanguage\":\"en-US\"},{\"@type\":\"Organization\",\"@id\":\"https:\\\/\\\/www.pasteur.mg\\\/#organization\",\"name\":\"Institut Pasteur de Madagascar\",\"url\":\"https:\\\/\\\/www.pasteur.mg\\\/\",\"logo\":{\"@type\":\"ImageObject\",\"inLanguage\":\"en-US\",\"@id\":\"https:\\\/\\\/www.pasteur.mg\\\/#\\\/schema\\\/logo\\\/image\\\/\",\"url\":\"https:\\\/\\\/www.pasteur.mg\\\/wp-content\\\/uploads\\\/2025\\\/03\\\/Logo-IPM-1.png\",\"contentUrl\":\"https:\\\/\\\/www.pasteur.mg\\\/wp-content\\\/uploads\\\/2025\\\/03\\\/Logo-IPM-1.png\",\"width\":5865,\"height\":3422,\"caption\":\"Institut Pasteur de Madagascar\"},\"image\":{\"@id\":\"https:\\\/\\\/www.pasteur.mg\\\/#\\\/schema\\\/logo\\\/image\\\/\"},\"sameAs\":[\"https:\\\/\\\/www.facebook.com\\\/pasteurMG\",\"https:\\\/\\\/x.com\\\/pasteurMG\",\"https:\\\/\\\/www.linkedin.com\\\/company\\\/institut-pasteur-de-madagascar\"]},{\"@type\":\"Person\",\"@id\":\"https:\\\/\\\/www.pasteur.mg\\\/#\\\/schema\\\/person\\\/90c7de3f0bdb4640d0bdcaa29ce9cf14\",\"name\":\"Lina\",\"image\":{\"@type\":\"ImageObject\",\"inLanguage\":\"en-US\",\"@id\":\"https:\\\/\\\/secure.gravatar.com\\\/avatar\\\/c353ccfaf14cc37fe9ab756725d03736660c0e133ce8573e44092ea8eb827901?s=96&d=mm&r=g\",\"url\":\"https:\\\/\\\/secure.gravatar.com\\\/avatar\\\/c353ccfaf14cc37fe9ab756725d03736660c0e133ce8573e44092ea8eb827901?s=96&d=mm&r=g\",\"contentUrl\":\"https:\\\/\\\/secure.gravatar.com\\\/avatar\\\/c353ccfaf14cc37fe9ab756725d03736660c0e133ce8573e44092ea8eb827901?s=96&d=mm&r=g\",\"caption\":\"Lina\"}}]}<\/script>\n<!-- \/ Yoast SEO plugin. -->","yoast_head_json":{"title":"Circulation du virus Mpox \u00e0 Madagascar : communiqu\u00e9 officiel de la Ministre de la Sant\u00e9 - Institut Pasteur de Madagascar","description":"Suite \u00e0 l\u2019annonce de Madame la Ministre de la Sant\u00e9 concernant la notification de la circulation du virus Mpox (clade 1b), les \u00e9quipes de l\u2019Institut","robots":{"index":"index","follow":"follow","max-snippet":"max-snippet:-1","max-image-preview":"max-image-preview:large","max-video-preview":"max-video-preview:-1"},"canonical":"https:\/\/www.pasteur.mg\/en\/circulation-du-virus-mpox-a-madagascar-communique-officiel-de-la-ministre-de-la-sante\/","og_locale":"en_US","og_type":"article","og_title":"Circulation du virus Mpox \u00e0 Madagascar : communiqu\u00e9 officiel de la Ministre de la Sant\u00e9 - Institut Pasteur de Madagascar","og_description":"Suite \u00e0 l\u2019annonce de Madame la Ministre de la Sant\u00e9 concernant la notification de la circulation du virus Mpox (clade 1b), les \u00e9quipes de l\u2019Institut","og_url":"https:\/\/www.pasteur.mg\/en\/circulation-du-virus-mpox-a-madagascar-communique-officiel-de-la-ministre-de-la-sante\/","og_site_name":"Institut Pasteur de Madagascar","article_publisher":"https:\/\/www.facebook.com\/pasteurMG","article_published_time":"2026-01-13T07:20:03+00:00","article_modified_time":"2026-01-13T07:34:20+00:00","og_image":[{"width":1200,"height":1200,"url":"https:\/\/www.pasteur.mg\/wp-content\/uploads\/2026\/01\/Epidemie-de-Mpox-a-Madagascar_V2.png","type":"image\/png"}],"author":"Lina","twitter_card":"summary_large_image","twitter_creator":"@pasteurMG","twitter_site":"@pasteurMG","twitter_misc":{"Written by":"Lina","Est. reading time":"1 minute"},"schema":{"@context":"https:\/\/schema.org","@graph":[{"@type":"Article","@id":"https:\/\/www.pasteur.mg\/circulation-du-virus-mpox-a-madagascar-communique-officiel-de-la-ministre-de-la-sante\/#article","isPartOf":{"@id":"https:\/\/www.pasteur.mg\/circulation-du-virus-mpox-a-madagascar-communique-officiel-de-la-ministre-de-la-sante\/"},"author":{"name":"Lina","@id":"https:\/\/www.pasteur.mg\/#\/schema\/person\/90c7de3f0bdb4640d0bdcaa29ce9cf14"},"headline":"Circulation du virus Mpox \u00e0 Madagascar : communiqu\u00e9 officiel de la Ministre de la Sant\u00e9","datePublished":"2026-01-13T07:20:03+00:00","dateModified":"2026-01-13T07:34:20+00:00","mainEntityOfPage":{"@id":"https:\/\/www.pasteur.mg\/circulation-du-virus-mpox-a-madagascar-communique-officiel-de-la-ministre-de-la-sante\/"},"wordCount":87,"publisher":{"@id":"https:\/\/www.pasteur.mg\/#organization"},"image":{"@id":"https:\/\/www.pasteur.mg\/circulation-du-virus-mpox-a-madagascar-communique-officiel-de-la-ministre-de-la-sante\/#primaryimage"},"thumbnailUrl":"https:\/\/i0.wp.com\/www.pasteur.mg\/wp-content\/uploads\/2026\/01\/Epidemie-de-Mpox-a-Madagascar_V2.png?fit=1200%2C1200&ssl=1","articleSection":["Actualit\u00e9s","Contr\u00f4le des maladies infectieuses"],"inLanguage":"en-US"},{"@type":"WebPage","@id":"https:\/\/www.pasteur.mg\/circulation-du-virus-mpox-a-madagascar-communique-officiel-de-la-ministre-de-la-sante\/","url":"https:\/\/www.pasteur.mg\/circulation-du-virus-mpox-a-madagascar-communique-officiel-de-la-ministre-de-la-sante\/","name":"Circulation du virus Mpox \u00e0 Madagascar : communiqu\u00e9 officiel de la Ministre de la Sant\u00e9 - Institut Pasteur de Madagascar","isPartOf":{"@id":"https:\/\/www.pasteur.mg\/#website"},"primaryImageOfPage":{"@id":"https:\/\/www.pasteur.mg\/circulation-du-virus-mpox-a-madagascar-communique-officiel-de-la-ministre-de-la-sante\/#primaryimage"},"image":{"@id":"https:\/\/www.pasteur.mg\/circulation-du-virus-mpox-a-madagascar-communique-officiel-de-la-ministre-de-la-sante\/#primaryimage"},"thumbnailUrl":"https:\/\/i0.wp.com\/www.pasteur.mg\/wp-content\/uploads\/2026\/01\/Epidemie-de-Mpox-a-Madagascar_V2.png?fit=1200%2C1200&ssl=1","datePublished":"2026-01-13T07:20:03+00:00","dateModified":"2026-01-13T07:34:20+00:00","description":"Suite \u00e0 l\u2019annonce de Madame la Ministre de la Sant\u00e9 concernant la notification de la circulation du virus Mpox (clade 1b), les \u00e9quipes de l\u2019Institut","breadcrumb":{"@id":"https:\/\/www.pasteur.mg\/circulation-du-virus-mpox-a-madagascar-communique-officiel-de-la-ministre-de-la-sante\/#breadcrumb"},"inLanguage":"en-US","potentialAction":[{"@type":"ReadAction","target":["https:\/\/www.pasteur.mg\/circulation-du-virus-mpox-a-madagascar-communique-officiel-de-la-ministre-de-la-sante\/"]}]},{"@type":"ImageObject","inLanguage":"en-US","@id":"https:\/\/www.pasteur.mg\/circulation-du-virus-mpox-a-madagascar-communique-officiel-de-la-ministre-de-la-sante\/#primaryimage","url":"https:\/\/i0.wp.com\/www.pasteur.mg\/wp-content\/uploads\/2026\/01\/Epidemie-de-Mpox-a-Madagascar_V2.png?fit=1200%2C1200&ssl=1","contentUrl":"https:\/\/i0.wp.com\/www.pasteur.mg\/wp-content\/uploads\/2026\/01\/Epidemie-de-Mpox-a-Madagascar_V2.png?fit=1200%2C1200&ssl=1","width":1200,"height":1200},{"@type":"BreadcrumbList","@id":"https:\/\/www.pasteur.mg\/circulation-du-virus-mpox-a-madagascar-communique-officiel-de-la-ministre-de-la-sante\/#breadcrumb","itemListElement":[{"@type":"ListItem","position":1,"name":"Accueil","item":"https:\/\/www.pasteur.mg\/"},{"@type":"ListItem","position":2,"name":"Circulation du virus Mpox \u00e0 Madagascar : communiqu\u00e9 officiel de la Ministre de la Sant\u00e9"}]},{"@type":"WebSite","@id":"https:\/\/www.pasteur.mg\/#website","url":"https:\/\/www.pasteur.mg\/","name":"Institut Pasteur de Madagascar","description":"Etablissement scientifique priv\u00e9 malgache, \u00e0 but non lucratif et reconnu d\u2019utilit\u00e9 publique du R\u00e9seau International des Instituts Pasteur, plac\u00e9 sous le Haut patronage du gouvernement de la R\u00e9publique Malgache.","publisher":{"@id":"https:\/\/www.pasteur.mg\/#organization"},"potentialAction":[{"@type":"SearchAction","target":{"@type":"EntryPoint","urlTemplate":"https:\/\/www.pasteur.mg\/?s={search_term_string}"},"query-input":{"@type":"PropertyValueSpecification","valueRequired":true,"valueName":"search_term_string"}}],"inLanguage":"en-US"},{"@type":"Organization","@id":"https:\/\/www.pasteur.mg\/#organization","name":"Institut Pasteur de Madagascar","url":"https:\/\/www.pasteur.mg\/","logo":{"@type":"ImageObject","inLanguage":"en-US","@id":"https:\/\/www.pasteur.mg\/#\/schema\/logo\/image\/","url":"https:\/\/www.pasteur.mg\/wp-content\/uploads\/2025\/03\/Logo-IPM-1.png","contentUrl":"https:\/\/www.pasteur.mg\/wp-content\/uploads\/2025\/03\/Logo-IPM-1.png","width":5865,"height":3422,"caption":"Institut Pasteur de Madagascar"},"image":{"@id":"https:\/\/www.pasteur.mg\/#\/schema\/logo\/image\/"},"sameAs":["https:\/\/www.facebook.com\/pasteurMG","https:\/\/x.com\/pasteurMG","https:\/\/www.linkedin.com\/company\/institut-pasteur-de-madagascar"]},{"@type":"Person","@id":"https:\/\/www.pasteur.mg\/#\/schema\/person\/90c7de3f0bdb4640d0bdcaa29ce9cf14","name":"Lina","image":{"@type":"ImageObject","inLanguage":"en-US","@id":"https:\/\/secure.gravatar.com\/avatar\/c353ccfaf14cc37fe9ab756725d03736660c0e133ce8573e44092ea8eb827901?s=96&d=mm&r=g","url":"https:\/\/secure.gravatar.com\/avatar\/c353ccfaf14cc37fe9ab756725d03736660c0e133ce8573e44092ea8eb827901?s=96&d=mm&r=g","contentUrl":"https:\/\/secure.gravatar.com\/avatar\/c353ccfaf14cc37fe9ab756725d03736660c0e133ce8573e44092ea8eb827901?s=96&d=mm&r=g","caption":"Lina"}}]}},"jetpack_featured_media_url":"https:\/\/i0.wp.com\/www.pasteur.mg\/wp-content\/uploads\/2026\/01\/Epidemie-de-Mpox-a-Madagascar_V2.png?fit=1200%2C1200&ssl=1","jetpack_sharing_enabled":true,"publishpress_future_action":{"enabled":false,"date":"2026-05-08 23:44:06","action":"change-status","newStatus":"draft","terms":[],"taxonomy":"category","extraData":[]},"publishpress_future_workflow_manual_trigger":{"enabledWorkflows":[]},"amp_enabled":true,"_links":{"self":[{"href":"https:\/\/www.pasteur.mg\/en\/wp-json\/wp\/v2\/posts\/22001","targetHints":{"allow":["GET"]}}],"collection":[{"href":"https:\/\/www.pasteur.mg\/en\/wp-json\/wp\/v2\/posts"}],"about":[{"href":"https:\/\/www.pasteur.mg\/en\/wp-json\/wp\/v2\/types\/post"}],"author":[{"embeddable":true,"href":"https:\/\/www.pasteur.mg\/en\/wp-json\/wp\/v2\/users\/23"}],"replies":[{"embeddable":true,"href":"https:\/\/www.pasteur.mg\/en\/wp-json\/wp\/v2\/comments?post=22001"}],"version-history":[{"count":3,"href":"https:\/\/www.pasteur.mg\/en\/wp-json\/wp\/v2\/posts\/22001\/revisions"}],"predecessor-version":[{"id":22006,"href":"https:\/\/www.pasteur.mg\/en\/wp-json\/wp\/v2\/posts\/22001\/revisions\/22006"}],"wp:featuredmedia":[{"embeddable":true,"href":"https:\/\/www.pasteur.mg\/en\/wp-json\/wp\/v2\/media\/22004"}],"wp:attachment":[{"href":"https:\/\/www.pasteur.mg\/en\/wp-json\/wp\/v2\/media?parent=22001"}],"wp:term":[{"taxonomy":"category","embeddable":true,"href":"https:\/\/www.pasteur.mg\/en\/wp-json\/wp\/v2\/categories?post=22001"},{"taxonomy":"post_tag","embeddable":true,"href":"https:\/\/www.pasteur.mg\/en\/wp-json\/wp\/v2\/tags?post=22001"}],"curies":[{"name":"wp","href":"https:\/\/api.w.org\/{rel}","templated":true}]}}