{"id":22471,"date":"2026-04-25T07:41:24","date_gmt":"2026-04-25T04:41:24","guid":{"rendered":"https:\/\/www.pasteur.mg\/?p=22471"},"modified":"2026-04-25T07:41:24","modified_gmt":"2026-04-25T04:41:24","slug":"prise-en-charge-du-paludisme-grave-des-acteurs-de-sante-formes-a-manakara-dans-le-cadre-du-projet-operas","status":"publish","type":"post","link":"https:\/\/www.pasteur.mg\/en\/prise-en-charge-du-paludisme-grave-des-acteurs-de-sante-formes-a-manakara-dans-le-cadre-du-projet-operas\/","title":{"rendered":"Prise en charge du paludisme grave : des acteurs de sant\u00e9 form\u00e9s \u00e0 Manakara dans le cadre du projet OPERAS"},"content":{"rendered":"<p style=\"text-align: justify;\">\u00c0 l\u2019occasion de la Journ\u00e9e mondiale de lutte contre le paludisme ce 25 avril 2026, l\u2019Institut Pasteur de Madagascar (IPM) met en lumi\u00e8re les actions men\u00e9es pour renforcer la prise en charge des patients, notamment \u00e0 travers des activit\u00e9s de formation des acteurs de sant\u00e9.\u00a0<img data-recalc-dims=\"1\" loading=\"lazy\" decoding=\"async\" data-attachment-id=\"22473\" data-permalink=\"https:\/\/www.pasteur.mg\/en\/prise-en-charge-du-paludisme-grave-des-acteurs-de-sante-formes-a-manakara-dans-le-cadre-du-projet-operas\/2-25\/\" data-orig-file=\"https:\/\/i0.wp.com\/www.pasteur.mg\/wp-content\/uploads\/2026\/04\/2.jpeg?fit=2048%2C1536&amp;ssl=1\" data-orig-size=\"2048,1536\" data-comments-opened=\"0\" data-image-meta=\"{&quot;aperture&quot;:&quot;0&quot;,&quot;credit&quot;:&quot;&quot;,&quot;camera&quot;:&quot;&quot;,&quot;caption&quot;:&quot;&quot;,&quot;created_timestamp&quot;:&quot;0&quot;,&quot;copyright&quot;:&quot;&quot;,&quot;focal_length&quot;:&quot;0&quot;,&quot;iso&quot;:&quot;0&quot;,&quot;shutter_speed&quot;:&quot;0&quot;,&quot;title&quot;:&quot;&quot;,&quot;orientation&quot;:&quot;0&quot;}\" data-image-title=\"2\" data-image-description=\"\" data-image-caption=\"\" data-large-file=\"https:\/\/i0.wp.com\/www.pasteur.mg\/wp-content\/uploads\/2026\/04\/2.jpeg?fit=1024%2C768&amp;ssl=1\" class=\"aligncenter wp-image-22473 size-medium\" src=\"https:\/\/i0.wp.com\/www.pasteur.mg\/wp-content\/uploads\/2026\/04\/2.jpeg?resize=300%2C225&#038;ssl=1\" alt=\"\" width=\"300\" height=\"225\" \/><\/p>\n<p style=\"text-align: justify;\">\u00a0Dans ce contexte, des sessions de formation ont \u00e9t\u00e9 organis\u00e9es par l\u2019IPM, le Programme National de Lutte contre le Paludisme (PNLP) et le Service de Districts de la Sant\u00e9 Publique (SDSP) dans le district de Manakara dans le cadre du projet OPERAS (<em>Operationalize the implementation of the pre-referral rectal artesunate treatment at community level in Madagascar<\/em>). Afin de pr\u00e9parer les sites d\u2019\u00e9tudes et de renforcer les capacit\u00e9s des acteurs de sant\u00e9 impliqu\u00e9s, ces formations se sont d\u00e9roul\u00e9es du 4 au 7 f\u00e9vrier 2026 pour les personnels de CSB, puis du 9 au 17 f\u00e9vrier 2026 pour les agents de sant\u00e9 communautaire.<\/p>\n<p style=\"text-align: justify;\"><img data-recalc-dims=\"1\" loading=\"lazy\" decoding=\"async\" data-attachment-id=\"22472\" data-permalink=\"https:\/\/www.pasteur.mg\/en\/prise-en-charge-du-paludisme-grave-des-acteurs-de-sante-formes-a-manakara-dans-le-cadre-du-projet-operas\/1-34\/\" data-orig-file=\"https:\/\/i0.wp.com\/www.pasteur.mg\/wp-content\/uploads\/2026\/04\/1-3-scaled.jpg?fit=2880%2C1620&amp;ssl=1\" data-orig-size=\"2880,1620\" data-comments-opened=\"0\" data-image-meta=\"{&quot;aperture&quot;:&quot;1.85&quot;,&quot;credit&quot;:&quot;&quot;,&quot;camera&quot;:&quot;Pixel 6 Pro&quot;,&quot;caption&quot;:&quot;&quot;,&quot;created_timestamp&quot;:&quot;1770718012&quot;,&quot;copyright&quot;:&quot;&quot;,&quot;focal_length&quot;:&quot;6.81&quot;,&quot;iso&quot;:&quot;208&quot;,&quot;shutter_speed&quot;:&quot;0.026688&quot;,&quot;title&quot;:&quot;&quot;,&quot;orientation&quot;:&quot;1&quot;}\" data-image-title=\"1\" data-image-description=\"\" data-image-caption=\"\" data-large-file=\"https:\/\/i0.wp.com\/www.pasteur.mg\/wp-content\/uploads\/2026\/04\/1-3-scaled.jpg?fit=1024%2C576&amp;ssl=1\" class=\"size-medium wp-image-22472 aligncenter\" src=\"https:\/\/i0.wp.com\/www.pasteur.mg\/wp-content\/uploads\/2026\/04\/1-3.jpg?resize=300%2C169&#038;ssl=1\" alt=\"\" width=\"300\" height=\"169\" \/><\/p>\n<p style=\"text-align: justify;\">Ces formations visaient \u00e0 s\u2019assurer que les intervenants ma\u00eetrisent les bases de la prise en charge du paludisme grave chez les enfants, conform\u00e9ment aux recommandations du Minist\u00e8re de la Sant\u00e9 Publique et du PNLP. Elles ont \u00e9galement permis une remise \u00e0 niveau des connaissances et une premi\u00e8re sensibilisation des acteurs locaux, \u00e9tape essentielle pour faciliter la mise en \u0153uvre des activit\u00e9s du projet dans les zones concern\u00e9es.<\/p>\n<p style=\"text-align: justify;\">La prochaine phase du projet consistera \u00e0 mettre en place la collecte des donn\u00e9es relatives aux principaux indicateurs et \u00e0 pr\u00e9parer le d\u00e9ploiement de l\u2019intervention.<\/p>\n<p><img data-recalc-dims=\"1\" loading=\"lazy\" decoding=\"async\" data-attachment-id=\"22474\" data-permalink=\"https:\/\/www.pasteur.mg\/en\/prise-en-charge-du-paludisme-grave-des-acteurs-de-sante-formes-a-manakara-dans-le-cadre-du-projet-operas\/3-17\/\" data-orig-file=\"https:\/\/i0.wp.com\/www.pasteur.mg\/wp-content\/uploads\/2026\/04\/3-2-scaled.jpg?fit=2880%2C1330&amp;ssl=1\" data-orig-size=\"2880,1330\" data-comments-opened=\"0\" data-image-meta=\"{&quot;aperture&quot;:&quot;1.8&quot;,&quot;credit&quot;:&quot;&quot;,&quot;camera&quot;:&quot;Galaxy A26 5G&quot;,&quot;caption&quot;:&quot;&quot;,&quot;created_timestamp&quot;:&quot;1770371955&quot;,&quot;copyright&quot;:&quot;&quot;,&quot;focal_length&quot;:&quot;4&quot;,&quot;iso&quot;:&quot;80&quot;,&quot;shutter_speed&quot;:&quot;0.008333333&quot;,&quot;title&quot;:&quot;&quot;,&quot;orientation&quot;:&quot;1&quot;}\" data-image-title=\"3\" data-image-description=\"\" data-image-caption=\"\" data-large-file=\"https:\/\/i0.wp.com\/www.pasteur.mg\/wp-content\/uploads\/2026\/04\/3-2-scaled.jpg?fit=1024%2C473&amp;ssl=1\" class=\"size-medium wp-image-22474 aligncenter\" src=\"https:\/\/i0.wp.com\/www.pasteur.mg\/wp-content\/uploads\/2026\/04\/3-2.jpg?resize=300%2C139&#038;ssl=1\" alt=\"\" width=\"300\" height=\"139\" \/><\/p>\n<p style=\"text-align: justify;\">Le projet OPERAS est un projet de recherche op\u00e9rationnelle dirig\u00e9 par le Dr Beno\u00eet Witkowski et financ\u00e9 par Expertise France \u00e0 travers L\u2019Initiative. Il est mis en \u0153uvre par plusieurs unit\u00e9s de recherche de l\u2019IPM, en collaboration avec l\u2019Institut Pasteur \u00e0 Paris et le Minist\u00e8re de la Sant\u00e9 Publique de Madagascar, \u00e0 travers le PNLP.<\/p>\n<p style=\"text-align: justify;\">Selon Dr RATSIRAHONANA Daniela, Chef du CSB II Mahabako (District de Manakara) et b\u00e9n\u00e9ficiaire de la formation, <em>\u00ab cette formation nous a permis de renforcer nos connaissances sur les normes de prise en charge des cas graves, notamment chez les enfants, et d\u2019am\u00e9liorer nos pratiques cliniques au quotidien \u00bb.<\/em> Il ajoute qu\u2019<em>\u00ab elle contribuera \u00e9galement \u00e0 am\u00e9liorer notre collaboration avec la communaut\u00e9 et les familles, tout en renfor\u00e7ant les comp\u00e9tences des acteurs de sant\u00e9, m\u00eame dans les zones les plus recul\u00e9es.\u00bb<\/p>\n<p><\/em>Voir aussi<br \/>\n<a href=\"https:\/\/web.facebook.com\/share\/p\/1BjhGwkAhA\/\">Facebook<\/a><br \/>\n<a href=\"https:\/\/www.linkedin.com\/feed\/update\/urn:li:activity:7453654024664358912\">Linkedin<\/a><\/p>","protected":false},"excerpt":{"rendered":"<p>\u00c0 l\u2019occasion de la Journ\u00e9e mondiale de lutte contre le paludisme ce 25 avril 2026, l\u2019Institut Pasteur de Madagascar (IPM) met en lumi\u00e8re les actions men\u00e9es pour renforcer la prise en charge des patients, notamment \u00e0 travers des activit\u00e9s de formation des acteurs de sant\u00e9.\u00a0 \u00a0Dans ce contexte, des sessions de formation ont \u00e9t\u00e9 organis\u00e9es [&hellip;]<\/p>","protected":false},"author":23,"featured_media":22473,"comment_status":"closed","ping_status":"closed","sticky":false,"template":"","format":"standard","meta":{"_acf_changed":false,"_et_pb_use_builder":"","_et_pb_old_content":"","_et_gb_content_width":"","jetpack_post_was_ever_published":false,"_jetpack_newsletter_access":"","_jetpack_dont_email_post_to_subs":false,"_jetpack_newsletter_tier_id":0,"_jetpack_memberships_contains_paywalled_content":false,"_jetpack_memberships_contains_paid_content":false,"footnotes":""},"categories":[7,617],"tags":[],"class_list":["post-22471","post","type-post","status-publish","format-standard","has-post-thumbnail","hentry","category-actualites","category-paludisme"],"acf":[],"yoast_head":"<!-- This site is optimized with the Yoast SEO plugin v27.4 - https:\/\/yoast.com\/product\/yoast-seo-wordpress\/ -->\n<title>Prise en charge du paludisme grave : des acteurs de sant\u00e9 form\u00e9s \u00e0 Manakara dans le cadre du projet OPERAS - Institut Pasteur de Madagascar<\/title>\n<meta name=\"description\" content=\"\u00c0 l\u2019occasion de la Journ\u00e9e mondiale de lutte contre le paludisme ce 25 avril 2026, l\u2019Institut Pasteur de Madagascar (IPM) met en lumi\u00e8re les actions\" \/>\n<meta name=\"robots\" content=\"index, follow, max-snippet:-1, max-image-preview:large, max-video-preview:-1\" \/>\n<link rel=\"canonical\" href=\"https:\/\/www.pasteur.mg\/en\/prise-en-charge-du-paludisme-grave-des-acteurs-de-sante-formes-a-manakara-dans-le-cadre-du-projet-operas\/\" \/>\n<meta property=\"og:locale\" content=\"en_US\" \/>\n<meta property=\"og:type\" content=\"article\" \/>\n<meta property=\"og:title\" content=\"Prise en charge du paludisme grave : des acteurs de sant\u00e9 form\u00e9s \u00e0 Manakara dans le cadre du projet OPERAS - Institut Pasteur de Madagascar\" \/>\n<meta property=\"og:description\" content=\"\u00c0 l\u2019occasion de la Journ\u00e9e mondiale de lutte contre le paludisme ce 25 avril 2026, l\u2019Institut Pasteur de Madagascar (IPM) met en lumi\u00e8re les actions\" \/>\n<meta property=\"og:url\" content=\"https:\/\/www.pasteur.mg\/en\/prise-en-charge-du-paludisme-grave-des-acteurs-de-sante-formes-a-manakara-dans-le-cadre-du-projet-operas\/\" \/>\n<meta property=\"og:site_name\" content=\"Institut Pasteur de Madagascar\" \/>\n<meta property=\"article:publisher\" content=\"https:\/\/www.facebook.com\/pasteurMG\" \/>\n<meta property=\"article:published_time\" content=\"2026-04-25T04:41:24+00:00\" \/>\n<meta property=\"og:image\" content=\"https:\/\/www.pasteur.mg\/wp-content\/uploads\/2026\/04\/2.jpeg\" \/>\n\t<meta property=\"og:image:width\" content=\"2048\" \/>\n\t<meta property=\"og:image:height\" content=\"1536\" \/>\n\t<meta property=\"og:image:type\" content=\"image\/jpeg\" \/>\n<meta name=\"author\" content=\"Lina\" \/>\n<meta name=\"twitter:card\" content=\"summary_large_image\" \/>\n<meta name=\"twitter:creator\" content=\"@pasteurMG\" \/>\n<meta name=\"twitter:site\" content=\"@pasteurMG\" \/>\n<meta name=\"twitter:label1\" content=\"Written by\" \/>\n\t<meta name=\"twitter:data1\" content=\"Lina\" \/>\n\t<meta name=\"twitter:label2\" content=\"Est. reading time\" \/>\n\t<meta name=\"twitter:data2\" content=\"3 minutes\" \/>\n<script type=\"application\/ld+json\" class=\"yoast-schema-graph\">{\"@context\":\"https:\\\/\\\/schema.org\",\"@graph\":[{\"@type\":\"Article\",\"@id\":\"https:\\\/\\\/www.pasteur.mg\\\/prise-en-charge-du-paludisme-grave-des-acteurs-de-sante-formes-a-manakara-dans-le-cadre-du-projet-operas\\\/#article\",\"isPartOf\":{\"@id\":\"https:\\\/\\\/www.pasteur.mg\\\/prise-en-charge-du-paludisme-grave-des-acteurs-de-sante-formes-a-manakara-dans-le-cadre-du-projet-operas\\\/\"},\"author\":{\"name\":\"Lina\",\"@id\":\"https:\\\/\\\/www.pasteur.mg\\\/#\\\/schema\\\/person\\\/90c7de3f0bdb4640d0bdcaa29ce9cf14\"},\"headline\":\"Prise en charge du paludisme grave : des acteurs de sant\u00e9 form\u00e9s \u00e0 Manakara dans le cadre du projet OPERAS\",\"datePublished\":\"2026-04-25T04:41:24+00:00\",\"mainEntityOfPage\":{\"@id\":\"https:\\\/\\\/www.pasteur.mg\\\/prise-en-charge-du-paludisme-grave-des-acteurs-de-sante-formes-a-manakara-dans-le-cadre-du-projet-operas\\\/\"},\"wordCount\":420,\"publisher\":{\"@id\":\"https:\\\/\\\/www.pasteur.mg\\\/#organization\"},\"image\":{\"@id\":\"https:\\\/\\\/www.pasteur.mg\\\/prise-en-charge-du-paludisme-grave-des-acteurs-de-sante-formes-a-manakara-dans-le-cadre-du-projet-operas\\\/#primaryimage\"},\"thumbnailUrl\":\"https:\\\/\\\/i0.wp.com\\\/www.pasteur.mg\\\/wp-content\\\/uploads\\\/2026\\\/04\\\/2.jpeg?fit=2048%2C1536&ssl=1\",\"articleSection\":[\"Actualit\u00e9s\",\"Paludisme\"],\"inLanguage\":\"en-US\"},{\"@type\":\"WebPage\",\"@id\":\"https:\\\/\\\/www.pasteur.mg\\\/prise-en-charge-du-paludisme-grave-des-acteurs-de-sante-formes-a-manakara-dans-le-cadre-du-projet-operas\\\/\",\"url\":\"https:\\\/\\\/www.pasteur.mg\\\/prise-en-charge-du-paludisme-grave-des-acteurs-de-sante-formes-a-manakara-dans-le-cadre-du-projet-operas\\\/\",\"name\":\"Prise en charge du paludisme grave : des acteurs de sant\u00e9 form\u00e9s \u00e0 Manakara dans le cadre du projet OPERAS - Institut Pasteur de Madagascar\",\"isPartOf\":{\"@id\":\"https:\\\/\\\/www.pasteur.mg\\\/#website\"},\"primaryImageOfPage\":{\"@id\":\"https:\\\/\\\/www.pasteur.mg\\\/prise-en-charge-du-paludisme-grave-des-acteurs-de-sante-formes-a-manakara-dans-le-cadre-du-projet-operas\\\/#primaryimage\"},\"image\":{\"@id\":\"https:\\\/\\\/www.pasteur.mg\\\/prise-en-charge-du-paludisme-grave-des-acteurs-de-sante-formes-a-manakara-dans-le-cadre-du-projet-operas\\\/#primaryimage\"},\"thumbnailUrl\":\"https:\\\/\\\/i0.wp.com\\\/www.pasteur.mg\\\/wp-content\\\/uploads\\\/2026\\\/04\\\/2.jpeg?fit=2048%2C1536&ssl=1\",\"datePublished\":\"2026-04-25T04:41:24+00:00\",\"description\":\"\u00c0 l\u2019occasion de la Journ\u00e9e mondiale de lutte contre le paludisme ce 25 avril 2026, l\u2019Institut Pasteur de Madagascar (IPM) met en lumi\u00e8re les actions\",\"breadcrumb\":{\"@id\":\"https:\\\/\\\/www.pasteur.mg\\\/prise-en-charge-du-paludisme-grave-des-acteurs-de-sante-formes-a-manakara-dans-le-cadre-du-projet-operas\\\/#breadcrumb\"},\"inLanguage\":\"en-US\",\"potentialAction\":[{\"@type\":\"ReadAction\",\"target\":[\"https:\\\/\\\/www.pasteur.mg\\\/prise-en-charge-du-paludisme-grave-des-acteurs-de-sante-formes-a-manakara-dans-le-cadre-du-projet-operas\\\/\"]}]},{\"@type\":\"ImageObject\",\"inLanguage\":\"en-US\",\"@id\":\"https:\\\/\\\/www.pasteur.mg\\\/prise-en-charge-du-paludisme-grave-des-acteurs-de-sante-formes-a-manakara-dans-le-cadre-du-projet-operas\\\/#primaryimage\",\"url\":\"https:\\\/\\\/i0.wp.com\\\/www.pasteur.mg\\\/wp-content\\\/uploads\\\/2026\\\/04\\\/2.jpeg?fit=2048%2C1536&ssl=1\",\"contentUrl\":\"https:\\\/\\\/i0.wp.com\\\/www.pasteur.mg\\\/wp-content\\\/uploads\\\/2026\\\/04\\\/2.jpeg?fit=2048%2C1536&ssl=1\",\"width\":2048,\"height\":1536},{\"@type\":\"BreadcrumbList\",\"@id\":\"https:\\\/\\\/www.pasteur.mg\\\/prise-en-charge-du-paludisme-grave-des-acteurs-de-sante-formes-a-manakara-dans-le-cadre-du-projet-operas\\\/#breadcrumb\",\"itemListElement\":[{\"@type\":\"ListItem\",\"position\":1,\"name\":\"Accueil\",\"item\":\"https:\\\/\\\/www.pasteur.mg\\\/\"},{\"@type\":\"ListItem\",\"position\":2,\"name\":\"Prise en charge du paludisme grave : des acteurs de sant\u00e9 form\u00e9s \u00e0 Manakara dans le cadre du projet OPERAS\"}]},{\"@type\":\"WebSite\",\"@id\":\"https:\\\/\\\/www.pasteur.mg\\\/#website\",\"url\":\"https:\\\/\\\/www.pasteur.mg\\\/\",\"name\":\"Institut Pasteur de Madagascar\",\"description\":\"Etablissement scientifique priv\u00e9 malgache, \u00e0 but non lucratif et reconnu d\u2019utilit\u00e9 publique du R\u00e9seau International des Instituts Pasteur, plac\u00e9 sous le Haut patronage du gouvernement de la R\u00e9publique Malgache.\",\"publisher\":{\"@id\":\"https:\\\/\\\/www.pasteur.mg\\\/#organization\"},\"potentialAction\":[{\"@type\":\"SearchAction\",\"target\":{\"@type\":\"EntryPoint\",\"urlTemplate\":\"https:\\\/\\\/www.pasteur.mg\\\/?s={search_term_string}\"},\"query-input\":{\"@type\":\"PropertyValueSpecification\",\"valueRequired\":true,\"valueName\":\"search_term_string\"}}],\"inLanguage\":\"en-US\"},{\"@type\":\"Organization\",\"@id\":\"https:\\\/\\\/www.pasteur.mg\\\/#organization\",\"name\":\"Institut Pasteur de Madagascar\",\"url\":\"https:\\\/\\\/www.pasteur.mg\\\/\",\"logo\":{\"@type\":\"ImageObject\",\"inLanguage\":\"en-US\",\"@id\":\"https:\\\/\\\/www.pasteur.mg\\\/#\\\/schema\\\/logo\\\/image\\\/\",\"url\":\"https:\\\/\\\/www.pasteur.mg\\\/wp-content\\\/uploads\\\/2025\\\/03\\\/Logo-IPM-1.png\",\"contentUrl\":\"https:\\\/\\\/www.pasteur.mg\\\/wp-content\\\/uploads\\\/2025\\\/03\\\/Logo-IPM-1.png\",\"width\":5865,\"height\":3422,\"caption\":\"Institut Pasteur de Madagascar\"},\"image\":{\"@id\":\"https:\\\/\\\/www.pasteur.mg\\\/#\\\/schema\\\/logo\\\/image\\\/\"},\"sameAs\":[\"https:\\\/\\\/www.facebook.com\\\/pasteurMG\",\"https:\\\/\\\/x.com\\\/pasteurMG\",\"https:\\\/\\\/www.linkedin.com\\\/company\\\/institut-pasteur-de-madagascar\"]},{\"@type\":\"Person\",\"@id\":\"https:\\\/\\\/www.pasteur.mg\\\/#\\\/schema\\\/person\\\/90c7de3f0bdb4640d0bdcaa29ce9cf14\",\"name\":\"Lina\",\"image\":{\"@type\":\"ImageObject\",\"inLanguage\":\"en-US\",\"@id\":\"https:\\\/\\\/secure.gravatar.com\\\/avatar\\\/c353ccfaf14cc37fe9ab756725d03736660c0e133ce8573e44092ea8eb827901?s=96&d=mm&r=g\",\"url\":\"https:\\\/\\\/secure.gravatar.com\\\/avatar\\\/c353ccfaf14cc37fe9ab756725d03736660c0e133ce8573e44092ea8eb827901?s=96&d=mm&r=g\",\"contentUrl\":\"https:\\\/\\\/secure.gravatar.com\\\/avatar\\\/c353ccfaf14cc37fe9ab756725d03736660c0e133ce8573e44092ea8eb827901?s=96&d=mm&r=g\",\"caption\":\"Lina\"}}]}<\/script>\n<!-- \/ Yoast SEO plugin. -->","yoast_head_json":{"title":"Prise en charge du paludisme grave : des acteurs de sant\u00e9 form\u00e9s \u00e0 Manakara dans le cadre du projet OPERAS - Institut Pasteur de Madagascar","description":"\u00c0 l\u2019occasion de la Journ\u00e9e mondiale de lutte contre le paludisme ce 25 avril 2026, l\u2019Institut Pasteur de Madagascar (IPM) met en lumi\u00e8re les actions","robots":{"index":"index","follow":"follow","max-snippet":"max-snippet:-1","max-image-preview":"max-image-preview:large","max-video-preview":"max-video-preview:-1"},"canonical":"https:\/\/www.pasteur.mg\/en\/prise-en-charge-du-paludisme-grave-des-acteurs-de-sante-formes-a-manakara-dans-le-cadre-du-projet-operas\/","og_locale":"en_US","og_type":"article","og_title":"Prise en charge du paludisme grave : des acteurs de sant\u00e9 form\u00e9s \u00e0 Manakara dans le cadre du projet OPERAS - Institut Pasteur de Madagascar","og_description":"\u00c0 l\u2019occasion de la Journ\u00e9e mondiale de lutte contre le paludisme ce 25 avril 2026, l\u2019Institut Pasteur de Madagascar (IPM) met en lumi\u00e8re les actions","og_url":"https:\/\/www.pasteur.mg\/en\/prise-en-charge-du-paludisme-grave-des-acteurs-de-sante-formes-a-manakara-dans-le-cadre-du-projet-operas\/","og_site_name":"Institut Pasteur de Madagascar","article_publisher":"https:\/\/www.facebook.com\/pasteurMG","article_published_time":"2026-04-25T04:41:24+00:00","og_image":[{"width":2048,"height":1536,"url":"https:\/\/www.pasteur.mg\/wp-content\/uploads\/2026\/04\/2.jpeg","type":"image\/jpeg"}],"author":"Lina","twitter_card":"summary_large_image","twitter_creator":"@pasteurMG","twitter_site":"@pasteurMG","twitter_misc":{"Written by":"Lina","Est. reading time":"3 minutes"},"schema":{"@context":"https:\/\/schema.org","@graph":[{"@type":"Article","@id":"https:\/\/www.pasteur.mg\/prise-en-charge-du-paludisme-grave-des-acteurs-de-sante-formes-a-manakara-dans-le-cadre-du-projet-operas\/#article","isPartOf":{"@id":"https:\/\/www.pasteur.mg\/prise-en-charge-du-paludisme-grave-des-acteurs-de-sante-formes-a-manakara-dans-le-cadre-du-projet-operas\/"},"author":{"name":"Lina","@id":"https:\/\/www.pasteur.mg\/#\/schema\/person\/90c7de3f0bdb4640d0bdcaa29ce9cf14"},"headline":"Prise en charge du paludisme grave : des acteurs de sant\u00e9 form\u00e9s \u00e0 Manakara dans le cadre du projet OPERAS","datePublished":"2026-04-25T04:41:24+00:00","mainEntityOfPage":{"@id":"https:\/\/www.pasteur.mg\/prise-en-charge-du-paludisme-grave-des-acteurs-de-sante-formes-a-manakara-dans-le-cadre-du-projet-operas\/"},"wordCount":420,"publisher":{"@id":"https:\/\/www.pasteur.mg\/#organization"},"image":{"@id":"https:\/\/www.pasteur.mg\/prise-en-charge-du-paludisme-grave-des-acteurs-de-sante-formes-a-manakara-dans-le-cadre-du-projet-operas\/#primaryimage"},"thumbnailUrl":"https:\/\/i0.wp.com\/www.pasteur.mg\/wp-content\/uploads\/2026\/04\/2.jpeg?fit=2048%2C1536&ssl=1","articleSection":["Actualit\u00e9s","Paludisme"],"inLanguage":"en-US"},{"@type":"WebPage","@id":"https:\/\/www.pasteur.mg\/prise-en-charge-du-paludisme-grave-des-acteurs-de-sante-formes-a-manakara-dans-le-cadre-du-projet-operas\/","url":"https:\/\/www.pasteur.mg\/prise-en-charge-du-paludisme-grave-des-acteurs-de-sante-formes-a-manakara-dans-le-cadre-du-projet-operas\/","name":"Prise en charge du paludisme grave : des acteurs de sant\u00e9 form\u00e9s \u00e0 Manakara dans le cadre du projet OPERAS - Institut Pasteur de Madagascar","isPartOf":{"@id":"https:\/\/www.pasteur.mg\/#website"},"primaryImageOfPage":{"@id":"https:\/\/www.pasteur.mg\/prise-en-charge-du-paludisme-grave-des-acteurs-de-sante-formes-a-manakara-dans-le-cadre-du-projet-operas\/#primaryimage"},"image":{"@id":"https:\/\/www.pasteur.mg\/prise-en-charge-du-paludisme-grave-des-acteurs-de-sante-formes-a-manakara-dans-le-cadre-du-projet-operas\/#primaryimage"},"thumbnailUrl":"https:\/\/i0.wp.com\/www.pasteur.mg\/wp-content\/uploads\/2026\/04\/2.jpeg?fit=2048%2C1536&ssl=1","datePublished":"2026-04-25T04:41:24+00:00","description":"\u00c0 l\u2019occasion de la Journ\u00e9e mondiale de lutte contre le paludisme ce 25 avril 2026, l\u2019Institut Pasteur de Madagascar (IPM) met en lumi\u00e8re les actions","breadcrumb":{"@id":"https:\/\/www.pasteur.mg\/prise-en-charge-du-paludisme-grave-des-acteurs-de-sante-formes-a-manakara-dans-le-cadre-du-projet-operas\/#breadcrumb"},"inLanguage":"en-US","potentialAction":[{"@type":"ReadAction","target":["https:\/\/www.pasteur.mg\/prise-en-charge-du-paludisme-grave-des-acteurs-de-sante-formes-a-manakara-dans-le-cadre-du-projet-operas\/"]}]},{"@type":"ImageObject","inLanguage":"en-US","@id":"https:\/\/www.pasteur.mg\/prise-en-charge-du-paludisme-grave-des-acteurs-de-sante-formes-a-manakara-dans-le-cadre-du-projet-operas\/#primaryimage","url":"https:\/\/i0.wp.com\/www.pasteur.mg\/wp-content\/uploads\/2026\/04\/2.jpeg?fit=2048%2C1536&ssl=1","contentUrl":"https:\/\/i0.wp.com\/www.pasteur.mg\/wp-content\/uploads\/2026\/04\/2.jpeg?fit=2048%2C1536&ssl=1","width":2048,"height":1536},{"@type":"BreadcrumbList","@id":"https:\/\/www.pasteur.mg\/prise-en-charge-du-paludisme-grave-des-acteurs-de-sante-formes-a-manakara-dans-le-cadre-du-projet-operas\/#breadcrumb","itemListElement":[{"@type":"ListItem","position":1,"name":"Accueil","item":"https:\/\/www.pasteur.mg\/"},{"@type":"ListItem","position":2,"name":"Prise en charge du paludisme grave : des acteurs de sant\u00e9 form\u00e9s \u00e0 Manakara dans le cadre du projet OPERAS"}]},{"@type":"WebSite","@id":"https:\/\/www.pasteur.mg\/#website","url":"https:\/\/www.pasteur.mg\/","name":"Institut Pasteur de Madagascar","description":"Etablissement scientifique priv\u00e9 malgache, \u00e0 but non lucratif et reconnu d\u2019utilit\u00e9 publique du R\u00e9seau International des Instituts Pasteur, plac\u00e9 sous le Haut patronage du gouvernement de la R\u00e9publique Malgache.","publisher":{"@id":"https:\/\/www.pasteur.mg\/#organization"},"potentialAction":[{"@type":"SearchAction","target":{"@type":"EntryPoint","urlTemplate":"https:\/\/www.pasteur.mg\/?s={search_term_string}"},"query-input":{"@type":"PropertyValueSpecification","valueRequired":true,"valueName":"search_term_string"}}],"inLanguage":"en-US"},{"@type":"Organization","@id":"https:\/\/www.pasteur.mg\/#organization","name":"Institut Pasteur de Madagascar","url":"https:\/\/www.pasteur.mg\/","logo":{"@type":"ImageObject","inLanguage":"en-US","@id":"https:\/\/www.pasteur.mg\/#\/schema\/logo\/image\/","url":"https:\/\/www.pasteur.mg\/wp-content\/uploads\/2025\/03\/Logo-IPM-1.png","contentUrl":"https:\/\/www.pasteur.mg\/wp-content\/uploads\/2025\/03\/Logo-IPM-1.png","width":5865,"height":3422,"caption":"Institut Pasteur de Madagascar"},"image":{"@id":"https:\/\/www.pasteur.mg\/#\/schema\/logo\/image\/"},"sameAs":["https:\/\/www.facebook.com\/pasteurMG","https:\/\/x.com\/pasteurMG","https:\/\/www.linkedin.com\/company\/institut-pasteur-de-madagascar"]},{"@type":"Person","@id":"https:\/\/www.pasteur.mg\/#\/schema\/person\/90c7de3f0bdb4640d0bdcaa29ce9cf14","name":"Lina","image":{"@type":"ImageObject","inLanguage":"en-US","@id":"https:\/\/secure.gravatar.com\/avatar\/c353ccfaf14cc37fe9ab756725d03736660c0e133ce8573e44092ea8eb827901?s=96&d=mm&r=g","url":"https:\/\/secure.gravatar.com\/avatar\/c353ccfaf14cc37fe9ab756725d03736660c0e133ce8573e44092ea8eb827901?s=96&d=mm&r=g","contentUrl":"https:\/\/secure.gravatar.com\/avatar\/c353ccfaf14cc37fe9ab756725d03736660c0e133ce8573e44092ea8eb827901?s=96&d=mm&r=g","caption":"Lina"}}]}},"jetpack_featured_media_url":"https:\/\/i0.wp.com\/www.pasteur.mg\/wp-content\/uploads\/2026\/04\/2.jpeg?fit=2048%2C1536&ssl=1","jetpack_sharing_enabled":true,"publishpress_future_action":{"enabled":false,"date":"2026-05-04 08:27:55","action":"change-status","newStatus":"draft","terms":[],"taxonomy":"category","extraData":[]},"publishpress_future_workflow_manual_trigger":{"enabledWorkflows":[]},"amp_enabled":true,"_links":{"self":[{"href":"https:\/\/www.pasteur.mg\/en\/wp-json\/wp\/v2\/posts\/22471","targetHints":{"allow":["GET"]}}],"collection":[{"href":"https:\/\/www.pasteur.mg\/en\/wp-json\/wp\/v2\/posts"}],"about":[{"href":"https:\/\/www.pasteur.mg\/en\/wp-json\/wp\/v2\/types\/post"}],"author":[{"embeddable":true,"href":"https:\/\/www.pasteur.mg\/en\/wp-json\/wp\/v2\/users\/23"}],"replies":[{"embeddable":true,"href":"https:\/\/www.pasteur.mg\/en\/wp-json\/wp\/v2\/comments?post=22471"}],"version-history":[{"count":1,"href":"https:\/\/www.pasteur.mg\/en\/wp-json\/wp\/v2\/posts\/22471\/revisions"}],"predecessor-version":[{"id":22482,"href":"https:\/\/www.pasteur.mg\/en\/wp-json\/wp\/v2\/posts\/22471\/revisions\/22482"}],"wp:featuredmedia":[{"embeddable":true,"href":"https:\/\/www.pasteur.mg\/en\/wp-json\/wp\/v2\/media\/22473"}],"wp:attachment":[{"href":"https:\/\/www.pasteur.mg\/en\/wp-json\/wp\/v2\/media?parent=22471"}],"wp:term":[{"taxonomy":"category","embeddable":true,"href":"https:\/\/www.pasteur.mg\/en\/wp-json\/wp\/v2\/categories?post=22471"},{"taxonomy":"post_tag","embeddable":true,"href":"https:\/\/www.pasteur.mg\/en\/wp-json\/wp\/v2\/tags?post=22471"}],"curies":[{"name":"wp","href":"https:\/\/api.w.org\/{rel}","templated":true}]}}