{"id":5038,"date":"2019-03-11T07:57:30","date_gmt":"2019-03-11T04:57:30","guid":{"rendered":"https:\/\/www.pasteur.mg\/?p=5038"},"modified":"2023-05-17T14:42:43","modified_gmt":"2023-05-17T11:42:43","slug":"linstitut-pasteur-de-madagascar-mobilise-dans-la-lutte-contre-le-paludisme","status":"publish","type":"post","link":"https:\/\/www.pasteur.mg\/en\/linstitut-pasteur-de-madagascar-mobilise-dans-la-lutte-contre-le-paludisme\/","title":{"rendered":"L\u2019Institut Pasteur de Madagascar mobilis\u00e9 dans la lutte contre le paludisme"},"content":{"rendered":"<p><strong>Formation sur le Paludisme \u00ab\u00a0Enjeux et d\u00e9fis de la lutte contre le paludisme \u00e0 Madagascar \u00bb. Institut Pasteur de Madagascar, 4-15 Mars 2019<\/strong><\/p>\n<div id=\"attachment_5039\" style=\"width: 552px\" class=\"wp-caption aligncenter\"><img data-recalc-dims=\"1\" loading=\"lazy\" decoding=\"async\" aria-describedby=\"caption-attachment-5039\" data-attachment-id=\"5039\" data-permalink=\"https:\/\/www.pasteur.mg\/en\/linstitut-pasteur-de-madagascar-mobilise-dans-la-lutte-contre-le-paludisme\/2019-03-04-cours-paludisme-imi-45\/\" data-orig-file=\"https:\/\/i0.wp.com\/www.pasteur.mg\/wp-content\/uploads\/2019\/03\/2019-03-04-Cours-paludisme-IMI-45.jpg?fit=6000%2C4000&amp;ssl=1\" data-orig-size=\"6000,4000\" data-comments-opened=\"0\" data-image-meta=\"{&quot;aperture&quot;:&quot;0&quot;,&quot;credit&quot;:&quot;&quot;,&quot;camera&quot;:&quot;&quot;,&quot;caption&quot;:&quot;&quot;,&quot;created_timestamp&quot;:&quot;0&quot;,&quot;copyright&quot;:&quot;Institut Pasteur de Madagascar&quot;,&quot;focal_length&quot;:&quot;0&quot;,&quot;iso&quot;:&quot;0&quot;,&quot;shutter_speed&quot;:&quot;0&quot;,&quot;title&quot;:&quot;&quot;,&quot;orientation&quot;:&quot;0&quot;}\" data-image-title=\"2019-03-04 Cours paludisme IMI-45\" data-image-description=\"\" data-image-caption=\"&lt;p&gt;Les formateurs et les apprenants de la formation sur le Paludisme&lt;\/p&gt;\" data-large-file=\"https:\/\/i0.wp.com\/www.pasteur.mg\/wp-content\/uploads\/2019\/03\/2019-03-04-Cours-paludisme-IMI-45.jpg?fit=1024%2C683&amp;ssl=1\" class=\"wp-image-5039\" src=\"https:\/\/i0.wp.com\/www.pasteur.mg\/wp-content\/uploads\/2019\/03\/2019-03-04-Cours-paludisme-IMI-45.jpg?resize=542%2C351&#038;ssl=1\" alt=\"\" width=\"542\" height=\"351\" \/><p id=\"caption-attachment-5039\" class=\"wp-caption-text\">Les formateurs et les apprenants de la formation sur le Paludisme<\/p><\/div>\n<p>Le paludisme est une maladie potentiellement mortelle, due \u00e0 des parasites du genre <em>Plasmodium<\/em>, transmis \u00e0 l\u2019homme par des piq\u00fbres de moustiques <em>Anoph\u00e8les<\/em> femelles infect\u00e9es. Le Paludisme demeure un probl\u00e8me majeur de sant\u00e9 publique en Afrique Sub-Saharienne et \u00e0 Madagascar. Le dernier rapport de l\u2019Organisation Mondiale de la Sant\u00e9 (OMS, World Malaria Report 2018) montre qu\u2019au niveau mondial, le nombre de cas de paludisme reste encore tr\u00e8s \u00e9lev\u00e9 avec plus de \u00e0 219 millions de cas report\u00e9s en 2017 et environ 435 000 d\u00e9c\u00e8s dus au paludisme. Les 10 pays o\u00f9 le paludisme s\u00e9vit le plus en Afrique ont rapport\u00e9 une hausse du nombre de cas en 2017 par rapport \u00e0 2016. Parmi ces pays, le Nig\u00e9ria, Madagascar et la R\u00e9publique d\u00e9mocratique du Congo auraient enregistr\u00e9 les plus fortes augmentations.<\/p>\n<p>Avec environ 800\u00a0661 cas de paludisme et plus de 370 d\u00e9c\u00e8s, la Grande \u00eele reste durement frapp\u00e9e par cette pathologie et plus de 90% de la population vit dans des zones \u00e0 risque. Des recrudescences de cas de paludisme ont \u00e9t\u00e9 not\u00e9es ces cinq derni\u00e8res ann\u00e9es et montrent l\u2019importance d\u2019intensifier la lutte contre cette pathologie.<\/p>\n<p>Cette formation multidisciplinaire, \u00e0 la fois th\u00e9orique et pratique, vise \u00e0\u00a0faire un \u00e9tat des lieux sur la maladie, le parasite, les\u00a0<em>Anoph\u00e8les\u00a0<\/em>vecteurs, les r\u00e9ponses immunes de l\u2019h\u00f4te, les traitements existants, les moyens de lutte ainsi que les r\u00e9sistances aux m\u00e9dicaments et aux insecticides et ce dans le contexte des diff\u00e9rents faci\u00e8s \u00e9pid\u00e9miologiques du paludisme \u00e0 Madagascar. Les travaux pratiques, r\u00e9alis\u00e9s au laboratoire et sur le terrain, permettront de mieux ma\u00eetriser les diff\u00e9rentes techniques disponibles pour \u00e9valuer la transmission, les r\u00e9sistances des parasites et des vecteurs et le suivi des strat\u00e9gies de lutte mises en \u0153uvre \u00e0 l\u2019\u00e9chelle nationale.<\/p>\n<p>Durant deux semaines (du 4 au 15 Mars 2019), 15 apprenants acteurs (ou futur acteurs) de la lutte contre le paludisme \u00e0 Madagascar et travaillant dans diff\u00e9rents organismes [Minist\u00e8re de la Sant\u00e9 Publique, milieu hospitalier (HJRA et HJRB), Service de Lutte contre le Paludisme, Direction R\u00e9gional de Sant\u00e9 (DRS), Lutte anti-vectorielle (PMI, VectorLink-IRS project), CNARP (Centre National d&rsquo;Application des Recherches Pharmaceutiques et Institut Pasteur de Madagascar] participeront \u00e0 cette formation intensive. Les notions fondamentales en parasitologie, entomologie, \u00e9pid\u00e9miologie et immunologie qui seront abord\u00e9es leur permettront d\u2019apporter une contribution significative dans la lutte contre ce fl\u00e9au.<\/p>\n<p>Coordonn\u00e9e par le Dr. In\u00e8s VIGAN-WOMAS (IPM), cette formation est r\u00e9alis\u00e9e gr\u00e2ce au financement de la Fondation Rotary (Clubs Rotary de Versailles Parc &#8211; Bruxelles For\u00eat de Soignes &#8211; Tamatave &#8211; Antananarivo et des Districts 1660 et 2170) dans le cadre de \u201cl\u2019Action Paludisme Madagascar 2017 \u2013 2019\u201d. Le comit\u00e9 d\u2019organisation et les formateurs sont compos\u00e9s de scientifiques (chercheurs, ing\u00e9nieurs et techniciens) de l\u2019Institut Pasteur de Madagascar travaillant au quotidien sur cette th\u00e9matique\u00a0: Unit\u00e9 de Recherche sur le Paludisme (URP, Pr. Milijaona RANDRIANARIVELOJOSIA), Unit\u00e9 d\u2019Entomologie M\u00e9dicale (UEM, Dr. Romain GIROD), Unit\u00e9 d\u2019\u00c9pid\u00e9miologie et de Recherche Clinique (Epi-RC, Dr. Laurence BARIL) et Unit\u00e9 d\u2019Immunologie des Maladies Infectieuses (IMI, Dr. In\u00e8s VIGAN-WOMAS).<\/p>","protected":false},"excerpt":{"rendered":"<p>Formation sur le Paludisme \u00ab\u00a0Enjeux et d\u00e9fis de la lutte contre le paludisme \u00e0 Madagascar \u00bb. Institut Pasteur de Madagascar, 4-15 Mars 2019 Le paludisme est une maladie potentiellement mortelle, due \u00e0 des parasites du genre Plasmodium, transmis \u00e0 l\u2019homme par des piq\u00fbres de moustiques Anoph\u00e8les femelles infect\u00e9es. Le Paludisme demeure un probl\u00e8me majeur de [&hellip;]<\/p>","protected":false},"author":11,"featured_media":5039,"comment_status":"closed","ping_status":"closed","sticky":false,"template":"","format":"standard","meta":{"_acf_changed":false,"_et_pb_use_builder":"","_et_pb_old_content":"","_et_gb_content_width":"","jetpack_post_was_ever_published":false,"_jetpack_newsletter_access":"","_jetpack_dont_email_post_to_subs":false,"_jetpack_newsletter_tier_id":0,"_jetpack_memberships_contains_paywalled_content":false,"_jetpack_memberships_contains_paid_content":false,"footnotes":""},"categories":[617],"tags":[117],"class_list":["post-5038","post","type-post","status-publish","format-standard","has-post-thumbnail","hentry","category-paludisme","tag-paludisme"],"acf":[],"yoast_head":"<!-- This site is optimized with the Yoast SEO plugin v27.5 - https:\/\/yoast.com\/product\/yoast-seo-wordpress\/ -->\n<title>L\u2019Institut Pasteur de Madagascar mobilis\u00e9 dans la lutte contre le paludisme - Institut Pasteur de Madagascar<\/title>\n<meta name=\"description\" content=\"Formation sur le Paludisme \u00ab\u00a0Enjeux et d\u00e9fis de la lutte contre le paludisme \u00e0 Madagascar \u00bb. Institut Pasteur de Madagascar, 4-15 Mars 2019 Le paludisme\" \/>\n<meta name=\"robots\" content=\"index, follow, max-snippet:-1, max-image-preview:large, max-video-preview:-1\" \/>\n<link rel=\"canonical\" href=\"https:\/\/www.pasteur.mg\/en\/linstitut-pasteur-de-madagascar-mobilise-dans-la-lutte-contre-le-paludisme\/\" \/>\n<meta property=\"og:locale\" content=\"en_US\" \/>\n<meta property=\"og:type\" content=\"article\" \/>\n<meta property=\"og:title\" content=\"L\u2019Institut Pasteur de Madagascar mobilis\u00e9 dans la lutte contre le paludisme - Institut Pasteur de Madagascar\" \/>\n<meta property=\"og:description\" content=\"Formation sur le Paludisme \u00ab\u00a0Enjeux et d\u00e9fis de la lutte contre le paludisme \u00e0 Madagascar \u00bb. Institut Pasteur de Madagascar, 4-15 Mars 2019 Le paludisme\" \/>\n<meta property=\"og:url\" content=\"https:\/\/www.pasteur.mg\/en\/linstitut-pasteur-de-madagascar-mobilise-dans-la-lutte-contre-le-paludisme\/\" \/>\n<meta property=\"og:site_name\" content=\"Institut Pasteur de Madagascar\" \/>\n<meta property=\"article:publisher\" content=\"https:\/\/www.facebook.com\/pasteurMG\" \/>\n<meta property=\"article:published_time\" content=\"2019-03-11T04:57:30+00:00\" \/>\n<meta property=\"article:modified_time\" content=\"2023-05-17T11:42:43+00:00\" \/>\n<meta property=\"og:image\" content=\"https:\/\/www.pasteur.mg\/wp-content\/uploads\/2019\/03\/2019-03-04-Cours-paludisme-IMI-45.jpg\" \/>\n\t<meta property=\"og:image:width\" content=\"6000\" \/>\n\t<meta property=\"og:image:height\" content=\"4000\" \/>\n\t<meta property=\"og:image:type\" content=\"image\/jpeg\" \/>\n<meta name=\"author\" content=\"Anthea RAKOTOARISOA\" \/>\n<meta name=\"twitter:card\" content=\"summary_large_image\" \/>\n<meta name=\"twitter:creator\" content=\"@pasteurMG\" \/>\n<meta name=\"twitter:site\" content=\"@pasteurMG\" \/>\n<meta name=\"twitter:label1\" content=\"Written by\" \/>\n\t<meta name=\"twitter:data1\" content=\"Anthea RAKOTOARISOA\" \/>\n\t<meta name=\"twitter:label2\" content=\"Est. reading time\" \/>\n\t<meta name=\"twitter:data2\" content=\"3 minutes\" \/>\n<script type=\"application\/ld+json\" class=\"yoast-schema-graph\">{\"@context\":\"https:\\\/\\\/schema.org\",\"@graph\":[{\"@type\":\"Article\",\"@id\":\"https:\\\/\\\/www.pasteur.mg\\\/linstitut-pasteur-de-madagascar-mobilise-dans-la-lutte-contre-le-paludisme\\\/#article\",\"isPartOf\":{\"@id\":\"https:\\\/\\\/www.pasteur.mg\\\/linstitut-pasteur-de-madagascar-mobilise-dans-la-lutte-contre-le-paludisme\\\/\"},\"author\":{\"name\":\"Anthea RAKOTOARISOA\",\"@id\":\"https:\\\/\\\/www.pasteur.mg\\\/#\\\/schema\\\/person\\\/008977bc359fb7e0f19112e1ec81a34b\"},\"headline\":\"L\u2019Institut Pasteur de Madagascar mobilis\u00e9 dans la lutte contre le paludisme\",\"datePublished\":\"2019-03-11T04:57:30+00:00\",\"dateModified\":\"2023-05-17T11:42:43+00:00\",\"mainEntityOfPage\":{\"@id\":\"https:\\\/\\\/www.pasteur.mg\\\/linstitut-pasteur-de-madagascar-mobilise-dans-la-lutte-contre-le-paludisme\\\/\"},\"wordCount\":575,\"publisher\":{\"@id\":\"https:\\\/\\\/www.pasteur.mg\\\/#organization\"},\"image\":{\"@id\":\"https:\\\/\\\/www.pasteur.mg\\\/linstitut-pasteur-de-madagascar-mobilise-dans-la-lutte-contre-le-paludisme\\\/#primaryimage\"},\"thumbnailUrl\":\"https:\\\/\\\/i0.wp.com\\\/www.pasteur.mg\\\/wp-content\\\/uploads\\\/2019\\\/03\\\/2019-03-04-Cours-paludisme-IMI-45.jpg?fit=6000%2C4000&ssl=1\",\"keywords\":[\"Paludisme\"],\"articleSection\":[\"Paludisme\"],\"inLanguage\":\"en-US\"},{\"@type\":\"WebPage\",\"@id\":\"https:\\\/\\\/www.pasteur.mg\\\/linstitut-pasteur-de-madagascar-mobilise-dans-la-lutte-contre-le-paludisme\\\/\",\"url\":\"https:\\\/\\\/www.pasteur.mg\\\/linstitut-pasteur-de-madagascar-mobilise-dans-la-lutte-contre-le-paludisme\\\/\",\"name\":\"L\u2019Institut Pasteur de Madagascar mobilis\u00e9 dans la lutte contre le paludisme - Institut Pasteur de Madagascar\",\"isPartOf\":{\"@id\":\"https:\\\/\\\/www.pasteur.mg\\\/#website\"},\"primaryImageOfPage\":{\"@id\":\"https:\\\/\\\/www.pasteur.mg\\\/linstitut-pasteur-de-madagascar-mobilise-dans-la-lutte-contre-le-paludisme\\\/#primaryimage\"},\"image\":{\"@id\":\"https:\\\/\\\/www.pasteur.mg\\\/linstitut-pasteur-de-madagascar-mobilise-dans-la-lutte-contre-le-paludisme\\\/#primaryimage\"},\"thumbnailUrl\":\"https:\\\/\\\/i0.wp.com\\\/www.pasteur.mg\\\/wp-content\\\/uploads\\\/2019\\\/03\\\/2019-03-04-Cours-paludisme-IMI-45.jpg?fit=6000%2C4000&ssl=1\",\"datePublished\":\"2019-03-11T04:57:30+00:00\",\"dateModified\":\"2023-05-17T11:42:43+00:00\",\"description\":\"Formation sur le Paludisme \u00ab\u00a0Enjeux et d\u00e9fis de la lutte contre le paludisme \u00e0 Madagascar \u00bb. Institut Pasteur de Madagascar, 4-15 Mars 2019 Le paludisme\",\"breadcrumb\":{\"@id\":\"https:\\\/\\\/www.pasteur.mg\\\/linstitut-pasteur-de-madagascar-mobilise-dans-la-lutte-contre-le-paludisme\\\/#breadcrumb\"},\"inLanguage\":\"en-US\",\"potentialAction\":[{\"@type\":\"ReadAction\",\"target\":[\"https:\\\/\\\/www.pasteur.mg\\\/linstitut-pasteur-de-madagascar-mobilise-dans-la-lutte-contre-le-paludisme\\\/\"]}]},{\"@type\":\"ImageObject\",\"inLanguage\":\"en-US\",\"@id\":\"https:\\\/\\\/www.pasteur.mg\\\/linstitut-pasteur-de-madagascar-mobilise-dans-la-lutte-contre-le-paludisme\\\/#primaryimage\",\"url\":\"https:\\\/\\\/i0.wp.com\\\/www.pasteur.mg\\\/wp-content\\\/uploads\\\/2019\\\/03\\\/2019-03-04-Cours-paludisme-IMI-45.jpg?fit=6000%2C4000&ssl=1\",\"contentUrl\":\"https:\\\/\\\/i0.wp.com\\\/www.pasteur.mg\\\/wp-content\\\/uploads\\\/2019\\\/03\\\/2019-03-04-Cours-paludisme-IMI-45.jpg?fit=6000%2C4000&ssl=1\",\"width\":6000,\"height\":4000,\"caption\":\"Les formateurs et les apprenants de la formation sur le Paludisme\"},{\"@type\":\"BreadcrumbList\",\"@id\":\"https:\\\/\\\/www.pasteur.mg\\\/linstitut-pasteur-de-madagascar-mobilise-dans-la-lutte-contre-le-paludisme\\\/#breadcrumb\",\"itemListElement\":[{\"@type\":\"ListItem\",\"position\":1,\"name\":\"Accueil\",\"item\":\"https:\\\/\\\/www.pasteur.mg\\\/\"},{\"@type\":\"ListItem\",\"position\":2,\"name\":\"L\u2019Institut Pasteur de Madagascar mobilis\u00e9 dans la lutte contre le paludisme\"}]},{\"@type\":\"WebSite\",\"@id\":\"https:\\\/\\\/www.pasteur.mg\\\/#website\",\"url\":\"https:\\\/\\\/www.pasteur.mg\\\/\",\"name\":\"Institut Pasteur de Madagascar\",\"description\":\"Etablissement scientifique priv\u00e9 malgache, \u00e0 but non lucratif et reconnu d\u2019utilit\u00e9 publique du R\u00e9seau International des Instituts Pasteur, plac\u00e9 sous le Haut patronage du gouvernement de la R\u00e9publique Malgache.\",\"publisher\":{\"@id\":\"https:\\\/\\\/www.pasteur.mg\\\/#organization\"},\"potentialAction\":[{\"@type\":\"SearchAction\",\"target\":{\"@type\":\"EntryPoint\",\"urlTemplate\":\"https:\\\/\\\/www.pasteur.mg\\\/?s={search_term_string}\"},\"query-input\":{\"@type\":\"PropertyValueSpecification\",\"valueRequired\":true,\"valueName\":\"search_term_string\"}}],\"inLanguage\":\"en-US\"},{\"@type\":\"Organization\",\"@id\":\"https:\\\/\\\/www.pasteur.mg\\\/#organization\",\"name\":\"Institut Pasteur de Madagascar\",\"url\":\"https:\\\/\\\/www.pasteur.mg\\\/\",\"logo\":{\"@type\":\"ImageObject\",\"inLanguage\":\"en-US\",\"@id\":\"https:\\\/\\\/www.pasteur.mg\\\/#\\\/schema\\\/logo\\\/image\\\/\",\"url\":\"https:\\\/\\\/www.pasteur.mg\\\/wp-content\\\/uploads\\\/2025\\\/03\\\/Logo-IPM-1.png\",\"contentUrl\":\"https:\\\/\\\/www.pasteur.mg\\\/wp-content\\\/uploads\\\/2025\\\/03\\\/Logo-IPM-1.png\",\"width\":5865,\"height\":3422,\"caption\":\"Institut Pasteur de Madagascar\"},\"image\":{\"@id\":\"https:\\\/\\\/www.pasteur.mg\\\/#\\\/schema\\\/logo\\\/image\\\/\"},\"sameAs\":[\"https:\\\/\\\/www.facebook.com\\\/pasteurMG\",\"https:\\\/\\\/x.com\\\/pasteurMG\",\"https:\\\/\\\/www.linkedin.com\\\/company\\\/institut-pasteur-de-madagascar\"]},{\"@type\":\"Person\",\"@id\":\"https:\\\/\\\/www.pasteur.mg\\\/#\\\/schema\\\/person\\\/008977bc359fb7e0f19112e1ec81a34b\",\"name\":\"Anthea RAKOTOARISOA\",\"image\":{\"@type\":\"ImageObject\",\"inLanguage\":\"en-US\",\"@id\":\"https:\\\/\\\/secure.gravatar.com\\\/avatar\\\/d960a59a7cf1f7b2a17d3863390860015a42ed5bd1686fa90ab4ec26e20a8d1a?s=96&d=mm&r=g\",\"url\":\"https:\\\/\\\/secure.gravatar.com\\\/avatar\\\/d960a59a7cf1f7b2a17d3863390860015a42ed5bd1686fa90ab4ec26e20a8d1a?s=96&d=mm&r=g\",\"contentUrl\":\"https:\\\/\\\/secure.gravatar.com\\\/avatar\\\/d960a59a7cf1f7b2a17d3863390860015a42ed5bd1686fa90ab4ec26e20a8d1a?s=96&d=mm&r=g\",\"caption\":\"Anthea RAKOTOARISOA\"}}]}<\/script>\n<!-- \/ Yoast SEO plugin. -->","yoast_head_json":{"title":"L\u2019Institut Pasteur de Madagascar mobilis\u00e9 dans la lutte contre le paludisme - Institut Pasteur de Madagascar","description":"Formation sur le Paludisme \u00ab\u00a0Enjeux et d\u00e9fis de la lutte contre le paludisme \u00e0 Madagascar \u00bb. Institut Pasteur de Madagascar, 4-15 Mars 2019 Le paludisme","robots":{"index":"index","follow":"follow","max-snippet":"max-snippet:-1","max-image-preview":"max-image-preview:large","max-video-preview":"max-video-preview:-1"},"canonical":"https:\/\/www.pasteur.mg\/en\/linstitut-pasteur-de-madagascar-mobilise-dans-la-lutte-contre-le-paludisme\/","og_locale":"en_US","og_type":"article","og_title":"L\u2019Institut Pasteur de Madagascar mobilis\u00e9 dans la lutte contre le paludisme - Institut Pasteur de Madagascar","og_description":"Formation sur le Paludisme \u00ab\u00a0Enjeux et d\u00e9fis de la lutte contre le paludisme \u00e0 Madagascar \u00bb. Institut Pasteur de Madagascar, 4-15 Mars 2019 Le paludisme","og_url":"https:\/\/www.pasteur.mg\/en\/linstitut-pasteur-de-madagascar-mobilise-dans-la-lutte-contre-le-paludisme\/","og_site_name":"Institut Pasteur de Madagascar","article_publisher":"https:\/\/www.facebook.com\/pasteurMG","article_published_time":"2019-03-11T04:57:30+00:00","article_modified_time":"2023-05-17T11:42:43+00:00","og_image":[{"width":6000,"height":4000,"url":"https:\/\/www.pasteur.mg\/wp-content\/uploads\/2019\/03\/2019-03-04-Cours-paludisme-IMI-45.jpg","type":"image\/jpeg"}],"author":"Anthea RAKOTOARISOA","twitter_card":"summary_large_image","twitter_creator":"@pasteurMG","twitter_site":"@pasteurMG","twitter_misc":{"Written by":"Anthea RAKOTOARISOA","Est. reading time":"3 minutes"},"schema":{"@context":"https:\/\/schema.org","@graph":[{"@type":"Article","@id":"https:\/\/www.pasteur.mg\/linstitut-pasteur-de-madagascar-mobilise-dans-la-lutte-contre-le-paludisme\/#article","isPartOf":{"@id":"https:\/\/www.pasteur.mg\/linstitut-pasteur-de-madagascar-mobilise-dans-la-lutte-contre-le-paludisme\/"},"author":{"name":"Anthea RAKOTOARISOA","@id":"https:\/\/www.pasteur.mg\/#\/schema\/person\/008977bc359fb7e0f19112e1ec81a34b"},"headline":"L\u2019Institut Pasteur de Madagascar mobilis\u00e9 dans la lutte contre le paludisme","datePublished":"2019-03-11T04:57:30+00:00","dateModified":"2023-05-17T11:42:43+00:00","mainEntityOfPage":{"@id":"https:\/\/www.pasteur.mg\/linstitut-pasteur-de-madagascar-mobilise-dans-la-lutte-contre-le-paludisme\/"},"wordCount":575,"publisher":{"@id":"https:\/\/www.pasteur.mg\/#organization"},"image":{"@id":"https:\/\/www.pasteur.mg\/linstitut-pasteur-de-madagascar-mobilise-dans-la-lutte-contre-le-paludisme\/#primaryimage"},"thumbnailUrl":"https:\/\/i0.wp.com\/www.pasteur.mg\/wp-content\/uploads\/2019\/03\/2019-03-04-Cours-paludisme-IMI-45.jpg?fit=6000%2C4000&ssl=1","keywords":["Paludisme"],"articleSection":["Paludisme"],"inLanguage":"en-US"},{"@type":"WebPage","@id":"https:\/\/www.pasteur.mg\/linstitut-pasteur-de-madagascar-mobilise-dans-la-lutte-contre-le-paludisme\/","url":"https:\/\/www.pasteur.mg\/linstitut-pasteur-de-madagascar-mobilise-dans-la-lutte-contre-le-paludisme\/","name":"L\u2019Institut Pasteur de Madagascar mobilis\u00e9 dans la lutte contre le paludisme - Institut Pasteur de Madagascar","isPartOf":{"@id":"https:\/\/www.pasteur.mg\/#website"},"primaryImageOfPage":{"@id":"https:\/\/www.pasteur.mg\/linstitut-pasteur-de-madagascar-mobilise-dans-la-lutte-contre-le-paludisme\/#primaryimage"},"image":{"@id":"https:\/\/www.pasteur.mg\/linstitut-pasteur-de-madagascar-mobilise-dans-la-lutte-contre-le-paludisme\/#primaryimage"},"thumbnailUrl":"https:\/\/i0.wp.com\/www.pasteur.mg\/wp-content\/uploads\/2019\/03\/2019-03-04-Cours-paludisme-IMI-45.jpg?fit=6000%2C4000&ssl=1","datePublished":"2019-03-11T04:57:30+00:00","dateModified":"2023-05-17T11:42:43+00:00","description":"Formation sur le Paludisme \u00ab\u00a0Enjeux et d\u00e9fis de la lutte contre le paludisme \u00e0 Madagascar \u00bb. Institut Pasteur de Madagascar, 4-15 Mars 2019 Le paludisme","breadcrumb":{"@id":"https:\/\/www.pasteur.mg\/linstitut-pasteur-de-madagascar-mobilise-dans-la-lutte-contre-le-paludisme\/#breadcrumb"},"inLanguage":"en-US","potentialAction":[{"@type":"ReadAction","target":["https:\/\/www.pasteur.mg\/linstitut-pasteur-de-madagascar-mobilise-dans-la-lutte-contre-le-paludisme\/"]}]},{"@type":"ImageObject","inLanguage":"en-US","@id":"https:\/\/www.pasteur.mg\/linstitut-pasteur-de-madagascar-mobilise-dans-la-lutte-contre-le-paludisme\/#primaryimage","url":"https:\/\/i0.wp.com\/www.pasteur.mg\/wp-content\/uploads\/2019\/03\/2019-03-04-Cours-paludisme-IMI-45.jpg?fit=6000%2C4000&ssl=1","contentUrl":"https:\/\/i0.wp.com\/www.pasteur.mg\/wp-content\/uploads\/2019\/03\/2019-03-04-Cours-paludisme-IMI-45.jpg?fit=6000%2C4000&ssl=1","width":6000,"height":4000,"caption":"Les formateurs et les apprenants de la formation sur le Paludisme"},{"@type":"BreadcrumbList","@id":"https:\/\/www.pasteur.mg\/linstitut-pasteur-de-madagascar-mobilise-dans-la-lutte-contre-le-paludisme\/#breadcrumb","itemListElement":[{"@type":"ListItem","position":1,"name":"Accueil","item":"https:\/\/www.pasteur.mg\/"},{"@type":"ListItem","position":2,"name":"L\u2019Institut Pasteur de Madagascar mobilis\u00e9 dans la lutte contre le paludisme"}]},{"@type":"WebSite","@id":"https:\/\/www.pasteur.mg\/#website","url":"https:\/\/www.pasteur.mg\/","name":"Institut Pasteur de Madagascar","description":"Etablissement scientifique priv\u00e9 malgache, \u00e0 but non lucratif et reconnu d\u2019utilit\u00e9 publique du R\u00e9seau International des Instituts Pasteur, plac\u00e9 sous le Haut patronage du gouvernement de la R\u00e9publique Malgache.","publisher":{"@id":"https:\/\/www.pasteur.mg\/#organization"},"potentialAction":[{"@type":"SearchAction","target":{"@type":"EntryPoint","urlTemplate":"https:\/\/www.pasteur.mg\/?s={search_term_string}"},"query-input":{"@type":"PropertyValueSpecification","valueRequired":true,"valueName":"search_term_string"}}],"inLanguage":"en-US"},{"@type":"Organization","@id":"https:\/\/www.pasteur.mg\/#organization","name":"Institut Pasteur de Madagascar","url":"https:\/\/www.pasteur.mg\/","logo":{"@type":"ImageObject","inLanguage":"en-US","@id":"https:\/\/www.pasteur.mg\/#\/schema\/logo\/image\/","url":"https:\/\/www.pasteur.mg\/wp-content\/uploads\/2025\/03\/Logo-IPM-1.png","contentUrl":"https:\/\/www.pasteur.mg\/wp-content\/uploads\/2025\/03\/Logo-IPM-1.png","width":5865,"height":3422,"caption":"Institut Pasteur de Madagascar"},"image":{"@id":"https:\/\/www.pasteur.mg\/#\/schema\/logo\/image\/"},"sameAs":["https:\/\/www.facebook.com\/pasteurMG","https:\/\/x.com\/pasteurMG","https:\/\/www.linkedin.com\/company\/institut-pasteur-de-madagascar"]},{"@type":"Person","@id":"https:\/\/www.pasteur.mg\/#\/schema\/person\/008977bc359fb7e0f19112e1ec81a34b","name":"Anthea RAKOTOARISOA","image":{"@type":"ImageObject","inLanguage":"en-US","@id":"https:\/\/secure.gravatar.com\/avatar\/d960a59a7cf1f7b2a17d3863390860015a42ed5bd1686fa90ab4ec26e20a8d1a?s=96&d=mm&r=g","url":"https:\/\/secure.gravatar.com\/avatar\/d960a59a7cf1f7b2a17d3863390860015a42ed5bd1686fa90ab4ec26e20a8d1a?s=96&d=mm&r=g","contentUrl":"https:\/\/secure.gravatar.com\/avatar\/d960a59a7cf1f7b2a17d3863390860015a42ed5bd1686fa90ab4ec26e20a8d1a?s=96&d=mm&r=g","caption":"Anthea RAKOTOARISOA"}}]}},"jetpack_featured_media_url":"https:\/\/i0.wp.com\/www.pasteur.mg\/wp-content\/uploads\/2019\/03\/2019-03-04-Cours-paludisme-IMI-45.jpg?fit=6000%2C4000&ssl=1","jetpack_sharing_enabled":true,"publishpress_future_action":{"enabled":false,"date":"2026-05-09 02:56:58","action":"change-status","newStatus":"draft","terms":[],"taxonomy":"category","extraData":[]},"publishpress_future_workflow_manual_trigger":{"enabledWorkflows":[]},"amp_enabled":true,"_links":{"self":[{"href":"https:\/\/www.pasteur.mg\/en\/wp-json\/wp\/v2\/posts\/5038","targetHints":{"allow":["GET"]}}],"collection":[{"href":"https:\/\/www.pasteur.mg\/en\/wp-json\/wp\/v2\/posts"}],"about":[{"href":"https:\/\/www.pasteur.mg\/en\/wp-json\/wp\/v2\/types\/post"}],"author":[{"embeddable":true,"href":"https:\/\/www.pasteur.mg\/en\/wp-json\/wp\/v2\/users\/11"}],"replies":[{"embeddable":true,"href":"https:\/\/www.pasteur.mg\/en\/wp-json\/wp\/v2\/comments?post=5038"}],"version-history":[{"count":1,"href":"https:\/\/www.pasteur.mg\/en\/wp-json\/wp\/v2\/posts\/5038\/revisions"}],"predecessor-version":[{"id":5040,"href":"https:\/\/www.pasteur.mg\/en\/wp-json\/wp\/v2\/posts\/5038\/revisions\/5040"}],"wp:featuredmedia":[{"embeddable":true,"href":"https:\/\/www.pasteur.mg\/en\/wp-json\/wp\/v2\/media\/5039"}],"wp:attachment":[{"href":"https:\/\/www.pasteur.mg\/en\/wp-json\/wp\/v2\/media?parent=5038"}],"wp:term":[{"taxonomy":"category","embeddable":true,"href":"https:\/\/www.pasteur.mg\/en\/wp-json\/wp\/v2\/categories?post=5038"},{"taxonomy":"post_tag","embeddable":true,"href":"https:\/\/www.pasteur.mg\/en\/wp-json\/wp\/v2\/tags?post=5038"}],"curies":[{"name":"wp","href":"https:\/\/api.w.org\/{rel}","templated":true}]}}