{"id":7233,"date":"2020-10-07T10:47:22","date_gmt":"2020-10-07T07:47:22","guid":{"rendered":"https:\/\/www.pasteur.mg\/?p=7233"},"modified":"2025-11-10T15:11:50","modified_gmt":"2025-11-10T12:11:50","slug":"linstitut-pasteur-de-madagascar-recoit-une-delegation-de-de-lagence-francaise-de-developpement-a-madagascar-dirigee-par-mr-yves-guicquero","status":"publish","type":"post","link":"https:\/\/www.pasteur.mg\/en\/linstitut-pasteur-de-madagascar-recoit-une-delegation-de-de-lagence-francaise-de-developpement-a-madagascar-dirigee-par-mr-yves-guicquero\/","title":{"rendered":"L\u2019Institut Pasteur de Madagascar re\u00e7oit  une D\u00e9l\u00e9gation de de l\u2019Agence Fran\u00e7aise de D\u00e9veloppement \u00e0 Madagascar dirig\u00e9e par  Mr Yves GUICQUERO"},"content":{"rendered":"<div class=\"wp-block-image\" style=\"text-align: center;\">\r\n<figure class=\"aligncenter size-large\"><img data-recalc-dims=\"1\" loading=\"lazy\" decoding=\"async\" data-attachment-id=\"7234\" data-permalink=\"https:\/\/www.pasteur.mg\/en\/linstitut-pasteur-de-madagascar-recoit-une-delegation-de-de-lagence-francaise-de-developpement-a-madagascar-dirigee-par-mr-yves-guicquero\/ipm_0886\/\" data-orig-file=\"https:\/\/i0.wp.com\/www.pasteur.mg\/wp-content\/uploads\/2020\/10\/IPM_0886.jpg?fit=800%2C566&amp;ssl=1\" data-orig-size=\"800,566\" data-comments-opened=\"0\" data-image-meta=\"{&quot;aperture&quot;:&quot;0&quot;,&quot;credit&quot;:&quot;&quot;,&quot;camera&quot;:&quot;&quot;,&quot;caption&quot;:&quot;&quot;,&quot;created_timestamp&quot;:&quot;0&quot;,&quot;copyright&quot;:&quot;Institut Pasteur de Madagascar&quot;,&quot;focal_length&quot;:&quot;0&quot;,&quot;iso&quot;:&quot;0&quot;,&quot;shutter_speed&quot;:&quot;0&quot;,&quot;title&quot;:&quot;&quot;,&quot;orientation&quot;:&quot;1&quot;}\" data-image-title=\"IPM_0886\" data-image-description=\"\" data-image-caption=\"\" data-large-file=\"https:\/\/i0.wp.com\/www.pasteur.mg\/wp-content\/uploads\/2020\/10\/IPM_0886.jpg?fit=800%2C566&amp;ssl=1\" class=\"wp-image-7234 size-full aligncenter\" src=\"https:\/\/i0.wp.com\/www.pasteur.mg\/wp-content\/uploads\/2020\/10\/IPM_0886.jpg?resize=800%2C566&#038;ssl=1\" alt=\"\" width=\"800\" height=\"566\" srcset=\"https:\/\/i0.wp.com\/www.pasteur.mg\/wp-content\/uploads\/2020\/10\/IPM_0886.jpg?w=800&amp;ssl=1 800w, https:\/\/i0.wp.com\/www.pasteur.mg\/wp-content\/uploads\/2020\/10\/IPM_0886.jpg?resize=300%2C212&amp;ssl=1 300w, https:\/\/i0.wp.com\/www.pasteur.mg\/wp-content\/uploads\/2020\/10\/IPM_0886.jpg?resize=768%2C543&amp;ssl=1 768w, https:\/\/i0.wp.com\/www.pasteur.mg\/wp-content\/uploads\/2020\/10\/IPM_0886.jpg?resize=704%2C498&amp;ssl=1 704w\" sizes=\"(max-width: 800px) 100vw, 800px\" \/>\r\n<figcaption><em>Pr Andr\u00e9 SPIEGEL, Mr Yves GUICQUERO, Mme La\u00ebtitia RATIARIVELO, Mme Val\u00e9rie ALEXIS, Dr Voahangy RASOLOFO (De gauche \u00e0 droite)<\/em><\/figcaption>\r\n<\/figure>\r\n<\/div>\r\n\r\n\r\n\r\n<p style=\"text-align: justify;\">Le 30 septembre 2020, l\u2019Institut Pasteur de Madagascar (IPM) a eu le plaisir d\u2019accueillir Mr Yves GUICQERO, Directeur de l\u2019Agence Fran\u00e7aise de D\u00e9veloppement (AFD) \u00e0 Madagascar. Il \u00e9tait accompagn\u00e9 de Mme Val\u00e9rie ALEXIS, Directrice Adjointe de l\u2019AFD, et de Mme Laetitia RATIARIVELO, repr\u00e9sentante du Service Communication de l\u2019AFD.<\/p>\r\n\r\n\r\n\r\n<p style=\"text-align: justify;\">Cette visite s\u2019inscrit dans le cadre du projet de l\u2019AFD d\u2019\u00ab\u00a0Appui aux activit\u00e9s de l\u2019Institut Pasteur de Madagascar dans la lutte contre le Covid-19 (CMG1701)\u00a0\u00bb et avait pour objectif la pr\u00e9sentation g\u00e9n\u00e9rale des activit\u00e9s de l\u2019IPM et l\u2019examen des entit\u00e9s et sites b\u00e9n\u00e9ficiant de l\u2019appui de l\u2019AFD.<\/p>\r\n\r\n\r\n\r\n<p style=\"text-align: justify;\">Le Pr Andr\u00e9 SPIEGEL, Directeur de l\u2019IPM a dans un premier temps expos\u00e9 les diff\u00e9rentes missions et activit\u00e9s de l\u2019IPM, ainsi que les diff\u00e9rentes dimensions du projet.<\/p>\r\n\r\n\r\n\r\n<figure class=\"wp-block-gallery columns-2 is-cropped wp-block-gallery-1 is-layout-flex wp-block-gallery-is-layout-flex\">\r\n<ul class=\"blocks-gallery-grid\">\r\n<li class=\"blocks-gallery-item\">\r\n<figure><img data-recalc-dims=\"1\" loading=\"lazy\" decoding=\"async\" data-attachment-id=\"7256\" data-permalink=\"https:\/\/www.pasteur.mg\/en\/linstitut-pasteur-de-madagascar-recoit-une-delegation-de-de-lagence-francaise-de-developpement-a-madagascar-dirigee-par-mr-yves-guicquero\/ipm_0494-1\/\" data-orig-file=\"https:\/\/i0.wp.com\/www.pasteur.mg\/wp-content\/uploads\/2020\/10\/IPM_0494-1.jpg?fit=900%2C392&amp;ssl=1\" data-orig-size=\"900,392\" data-comments-opened=\"0\" data-image-meta=\"{&quot;aperture&quot;:&quot;0&quot;,&quot;credit&quot;:&quot;&quot;,&quot;camera&quot;:&quot;&quot;,&quot;caption&quot;:&quot;&quot;,&quot;created_timestamp&quot;:&quot;0&quot;,&quot;copyright&quot;:&quot;Institut Pasteur de Madagascar&quot;,&quot;focal_length&quot;:&quot;0&quot;,&quot;iso&quot;:&quot;0&quot;,&quot;shutter_speed&quot;:&quot;0&quot;,&quot;title&quot;:&quot;&quot;,&quot;orientation&quot;:&quot;1&quot;}\" data-image-title=\"IPM_0494-1\" data-image-description=\"\" data-image-caption=\"\" data-large-file=\"https:\/\/i0.wp.com\/www.pasteur.mg\/wp-content\/uploads\/2020\/10\/IPM_0494-1.jpg?fit=900%2C392&amp;ssl=1\" class=\"aligncenter wp-image-7256 size-full\" src=\"https:\/\/i0.wp.com\/www.pasteur.mg\/wp-content\/uploads\/2020\/10\/IPM_0494-1.jpg?resize=900%2C392&#038;ssl=1\" alt=\"\" width=\"900\" height=\"392\" data-id=\"7256\" data-full-url=\"https:\/\/www.pasteur.mg\/wp-content\/uploads\/2020\/10\/IPM_0494-1.jpg\" data-link=\"https:\/\/www.pasteur.mg\/?attachment_id=7256\" srcset=\"https:\/\/i0.wp.com\/www.pasteur.mg\/wp-content\/uploads\/2020\/10\/IPM_0494-1.jpg?w=900&amp;ssl=1 900w, https:\/\/i0.wp.com\/www.pasteur.mg\/wp-content\/uploads\/2020\/10\/IPM_0494-1.jpg?resize=300%2C131&amp;ssl=1 300w, https:\/\/i0.wp.com\/www.pasteur.mg\/wp-content\/uploads\/2020\/10\/IPM_0494-1.jpg?resize=768%2C335&amp;ssl=1 768w, https:\/\/i0.wp.com\/www.pasteur.mg\/wp-content\/uploads\/2020\/10\/IPM_0494-1.jpg?resize=704%2C307&amp;ssl=1 704w\" sizes=\"(max-width: 900px) 100vw, 900px\" \/><\/figure>\r\n<\/li>\r\n<li class=\"blocks-gallery-item\">\r\n<figure><img data-recalc-dims=\"1\" loading=\"lazy\" decoding=\"async\" data-attachment-id=\"7257\" data-permalink=\"https:\/\/www.pasteur.mg\/en\/linstitut-pasteur-de-madagascar-recoit-une-delegation-de-de-lagence-francaise-de-developpement-a-madagascar-dirigee-par-mr-yves-guicquero\/ipm_0497-1\/\" data-orig-file=\"https:\/\/i0.wp.com\/www.pasteur.mg\/wp-content\/uploads\/2020\/10\/IPM_0497-1.jpg?fit=800%2C350&amp;ssl=1\" data-orig-size=\"800,350\" data-comments-opened=\"0\" data-image-meta=\"{&quot;aperture&quot;:&quot;0&quot;,&quot;credit&quot;:&quot;&quot;,&quot;camera&quot;:&quot;&quot;,&quot;caption&quot;:&quot;&quot;,&quot;created_timestamp&quot;:&quot;0&quot;,&quot;copyright&quot;:&quot;Institut Pasteur de Madagascar&quot;,&quot;focal_length&quot;:&quot;0&quot;,&quot;iso&quot;:&quot;0&quot;,&quot;shutter_speed&quot;:&quot;0&quot;,&quot;title&quot;:&quot;&quot;,&quot;orientation&quot;:&quot;1&quot;}\" data-image-title=\"IPM_0497-1\" data-image-description=\"\" data-image-caption=\"\" data-large-file=\"https:\/\/i0.wp.com\/www.pasteur.mg\/wp-content\/uploads\/2020\/10\/IPM_0497-1.jpg?fit=800%2C350&amp;ssl=1\" class=\"aligncenter wp-image-7257\" src=\"https:\/\/i0.wp.com\/www.pasteur.mg\/wp-content\/uploads\/2020\/10\/IPM_0497-1.jpg?resize=900%2C394&#038;ssl=1\" alt=\"\" width=\"900\" height=\"394\" data-id=\"7257\" data-full-url=\"https:\/\/www.pasteur.mg\/wp-content\/uploads\/2020\/10\/IPM_0497-1.jpg\" data-link=\"https:\/\/www.pasteur.mg\/?attachment_id=7257\" srcset=\"https:\/\/i0.wp.com\/www.pasteur.mg\/wp-content\/uploads\/2020\/10\/IPM_0497-1.jpg?w=800&amp;ssl=1 800w, https:\/\/i0.wp.com\/www.pasteur.mg\/wp-content\/uploads\/2020\/10\/IPM_0497-1.jpg?resize=300%2C131&amp;ssl=1 300w, https:\/\/i0.wp.com\/www.pasteur.mg\/wp-content\/uploads\/2020\/10\/IPM_0497-1.jpg?resize=768%2C336&amp;ssl=1 768w, https:\/\/i0.wp.com\/www.pasteur.mg\/wp-content\/uploads\/2020\/10\/IPM_0497-1.jpg?resize=704%2C308&amp;ssl=1 704w\" sizes=\"(max-width: 900px) 100vw, 900px\" \/><\/figure>\r\n<\/li>\r\n<\/ul>\r\n<figcaption class=\"blocks-gallery-caption\"><em>\u00a0 \u00a0 \u00a0 \u00a0 \u00a0 \u00a0 \u00a0 \u00a0 \u00a0 \u00a0 \u00a0 \u00a0 \u00a0 \u00a0 \u00a0 \u00a0 \u00a0 \u00a0 \u00a0 \u00a0 \u00a0 \u00a0 \u00a0 \u00a0 \u00a0 \u00a0 \u00a0 \u00a0 \u00a0 \u00a0 \u00a0 \u00a0 \u00a0 \u00a0 \u00a0 \u00a0 \u00a0 \u00a0 \u00a0 \u00a0 \u00a0 \u00a0 \u00a0 \u00a0 \u00a0 \u00a0 \u00a0 \u00a0 \u00a0 \u00a0 \u00a0 \u00a0 \u00a0 \u00a0 \u00a0 \u00a0 \u00a0 \u00a0 Pr\u00e9sentation des activit\u00e9s et missions de l\u2019IPM et du projet de l\u2019AFD<\/em><\/figcaption>\r\n<\/figure>\r\n\r\n\r\n\r\n<p style=\"text-align: justify;\">Au cours de la visite du campus, la d\u00e9l\u00e9gation de l\u2019AFD a pu se rendre sur les sites qui vont b\u00e9n\u00e9ficier de l\u2019appui de l\u2019AFD\u00a0: le Centre de traitement antirabique (qui prend en charge gratuitement 6000 personnes potentiellement expos\u00e9es \u00e0 la rage chaque ann\u00e9e et qui pour lequel l\u2019AFD a accept\u00e9 de prendre en charge le co\u00fbt des vaccins durant un an), l\u2019Unit\u00e9 de virologie qui a r\u00e9alis\u00e9 \u00e0 ce jour plus de 33.000 tests PCR pour les autorit\u00e9s de sant\u00e9 publique, ainsi que les sites o\u00f9 seront install\u00e9s les nouveaux mat\u00e9riels et infrastructures.<\/p>\r\n\r\n\r\n\r\n<div class=\"wp-block-image\" style=\"text-align: center;\">\r\n<figure class=\"aligncenter size-large is-resized\"><img data-recalc-dims=\"1\" loading=\"lazy\" decoding=\"async\" data-attachment-id=\"7237\" data-permalink=\"https:\/\/www.pasteur.mg\/en\/linstitut-pasteur-de-madagascar-recoit-une-delegation-de-de-lagence-francaise-de-developpement-a-madagascar-dirigee-par-mr-yves-guicquero\/ipm_0552\/\" data-orig-file=\"https:\/\/i0.wp.com\/www.pasteur.mg\/wp-content\/uploads\/2020\/10\/IPM_0552.jpg?fit=800%2C534&amp;ssl=1\" data-orig-size=\"800,534\" data-comments-opened=\"0\" data-image-meta=\"{&quot;aperture&quot;:&quot;0&quot;,&quot;credit&quot;:&quot;&quot;,&quot;camera&quot;:&quot;&quot;,&quot;caption&quot;:&quot;&quot;,&quot;created_timestamp&quot;:&quot;0&quot;,&quot;copyright&quot;:&quot;Institut Pasteur de Madagascar&quot;,&quot;focal_length&quot;:&quot;0&quot;,&quot;iso&quot;:&quot;0&quot;,&quot;shutter_speed&quot;:&quot;0&quot;,&quot;title&quot;:&quot;&quot;,&quot;orientation&quot;:&quot;1&quot;}\" data-image-title=\"IPM_0552\" data-image-description=\"\" data-image-caption=\"\" data-large-file=\"https:\/\/i0.wp.com\/www.pasteur.mg\/wp-content\/uploads\/2020\/10\/IPM_0552.jpg?fit=800%2C534&amp;ssl=1\" class=\"wp-image-7237 size-full aligncenter\" src=\"https:\/\/i0.wp.com\/www.pasteur.mg\/wp-content\/uploads\/2020\/10\/IPM_0552.jpg?resize=800%2C534&#038;ssl=1\" alt=\"\" width=\"800\" height=\"534\" srcset=\"https:\/\/i0.wp.com\/www.pasteur.mg\/wp-content\/uploads\/2020\/10\/IPM_0552.jpg?w=800&amp;ssl=1 800w, https:\/\/i0.wp.com\/www.pasteur.mg\/wp-content\/uploads\/2020\/10\/IPM_0552.jpg?resize=300%2C200&amp;ssl=1 300w, https:\/\/i0.wp.com\/www.pasteur.mg\/wp-content\/uploads\/2020\/10\/IPM_0552.jpg?resize=768%2C513&amp;ssl=1 768w, https:\/\/i0.wp.com\/www.pasteur.mg\/wp-content\/uploads\/2020\/10\/IPM_0552.jpg?resize=704%2C470&amp;ssl=1 704w\" sizes=\"(max-width: 800px) 100vw, 800px\" \/>\r\n<figcaption><em>Mr Yves GUICQERO accueilli au CTAR par le Dr Ravo RAMIANDRASOA<\/em><\/figcaption>\r\n<\/figure>\r\n<\/div>\r\n\r\n\r\n\r\n<div class=\"wp-block-image\" style=\"text-align: center;\">\r\n<figure class=\"aligncenter size-large is-resized\"><img data-recalc-dims=\"1\" loading=\"lazy\" decoding=\"async\" data-attachment-id=\"7238\" data-permalink=\"https:\/\/www.pasteur.mg\/en\/linstitut-pasteur-de-madagascar-recoit-une-delegation-de-de-lagence-francaise-de-developpement-a-madagascar-dirigee-par-mr-yves-guicquero\/ipm_0527\/\" data-orig-file=\"https:\/\/i0.wp.com\/www.pasteur.mg\/wp-content\/uploads\/2020\/10\/IPM_0527.jpg?fit=800%2C533&amp;ssl=1\" data-orig-size=\"800,533\" data-comments-opened=\"0\" data-image-meta=\"{&quot;aperture&quot;:&quot;0&quot;,&quot;credit&quot;:&quot;&quot;,&quot;camera&quot;:&quot;&quot;,&quot;caption&quot;:&quot;&quot;,&quot;created_timestamp&quot;:&quot;0&quot;,&quot;copyright&quot;:&quot;Institut Pasteur de Madagascar&quot;,&quot;focal_length&quot;:&quot;0&quot;,&quot;iso&quot;:&quot;0&quot;,&quot;shutter_speed&quot;:&quot;0&quot;,&quot;title&quot;:&quot;&quot;,&quot;orientation&quot;:&quot;1&quot;}\" data-image-title=\"IPM_0527\" data-image-description=\"\" data-image-caption=\"\" data-large-file=\"https:\/\/i0.wp.com\/www.pasteur.mg\/wp-content\/uploads\/2020\/10\/IPM_0527.jpg?fit=800%2C533&amp;ssl=1\" class=\"aligncenter wp-image-7238 size-full\" src=\"https:\/\/i0.wp.com\/www.pasteur.mg\/wp-content\/uploads\/2020\/10\/IPM_0527.jpg?resize=800%2C533&#038;ssl=1\" alt=\"\" width=\"800\" height=\"533\" srcset=\"https:\/\/i0.wp.com\/www.pasteur.mg\/wp-content\/uploads\/2020\/10\/IPM_0527.jpg?w=800&amp;ssl=1 800w, https:\/\/i0.wp.com\/www.pasteur.mg\/wp-content\/uploads\/2020\/10\/IPM_0527.jpg?resize=300%2C200&amp;ssl=1 300w, https:\/\/i0.wp.com\/www.pasteur.mg\/wp-content\/uploads\/2020\/10\/IPM_0527.jpg?resize=768%2C512&amp;ssl=1 768w, https:\/\/i0.wp.com\/www.pasteur.mg\/wp-content\/uploads\/2020\/10\/IPM_0527.jpg?resize=704%2C469&amp;ssl=1 704w\" sizes=\"(max-width: 800px) 100vw, 800px\" \/>\r\n<figcaption><em>Pr\u00e9sentation du site d\u2019installation du groupe \u00e9lectrog\u00e8ne<\/em><\/figcaption>\r\n<\/figure>\r\n<\/div>\r\n\r\n\r\n\r\n<div class=\"wp-block-image\" style=\"text-align: center;\">\r\n<figure class=\"aligncenter size-large is-resized\"><img data-recalc-dims=\"1\" loading=\"lazy\" decoding=\"async\" data-attachment-id=\"7239\" data-permalink=\"https:\/\/www.pasteur.mg\/en\/linstitut-pasteur-de-madagascar-recoit-une-delegation-de-de-lagence-francaise-de-developpement-a-madagascar-dirigee-par-mr-yves-guicquero\/ipm_0741\/\" data-orig-file=\"https:\/\/i0.wp.com\/www.pasteur.mg\/wp-content\/uploads\/2020\/10\/IPM_0741.jpg?fit=900%2C570&amp;ssl=1\" data-orig-size=\"900,570\" data-comments-opened=\"0\" data-image-meta=\"{&quot;aperture&quot;:&quot;0&quot;,&quot;credit&quot;:&quot;&quot;,&quot;camera&quot;:&quot;&quot;,&quot;caption&quot;:&quot;&quot;,&quot;created_timestamp&quot;:&quot;0&quot;,&quot;copyright&quot;:&quot;Institut Pasteur de Madagascar&quot;,&quot;focal_length&quot;:&quot;0&quot;,&quot;iso&quot;:&quot;0&quot;,&quot;shutter_speed&quot;:&quot;0&quot;,&quot;title&quot;:&quot;&quot;,&quot;orientation&quot;:&quot;1&quot;}\" data-image-title=\"IPM_0741\" data-image-description=\"\" data-image-caption=\"\" data-large-file=\"https:\/\/i0.wp.com\/www.pasteur.mg\/wp-content\/uploads\/2020\/10\/IPM_0741.jpg?fit=900%2C570&amp;ssl=1\" class=\"aligncenter wp-image-7239 size-full\" src=\"https:\/\/i0.wp.com\/www.pasteur.mg\/wp-content\/uploads\/2020\/10\/IPM_0741.jpg?resize=900%2C570&#038;ssl=1\" alt=\"\" width=\"900\" height=\"570\" srcset=\"https:\/\/i0.wp.com\/www.pasteur.mg\/wp-content\/uploads\/2020\/10\/IPM_0741.jpg?w=900&amp;ssl=1 900w, https:\/\/i0.wp.com\/www.pasteur.mg\/wp-content\/uploads\/2020\/10\/IPM_0741.jpg?resize=300%2C190&amp;ssl=1 300w, https:\/\/i0.wp.com\/www.pasteur.mg\/wp-content\/uploads\/2020\/10\/IPM_0741.jpg?resize=768%2C486&amp;ssl=1 768w, https:\/\/i0.wp.com\/www.pasteur.mg\/wp-content\/uploads\/2020\/10\/IPM_0741.jpg?resize=704%2C446&amp;ssl=1 704w\" sizes=\"(max-width: 900px) 100vw, 900px\" \/>\r\n<figcaption><em>Pr\u00e9sentation du site d\u2019installation de l\u2019incin\u00e9rateur<\/em><\/figcaption>\r\n<\/figure>\r\n<\/div>\r\n\r\n\r\n\r\n<div class=\"wp-block-image\" style=\"text-align: center;\">\r\n<figure class=\"aligncenter size-large is-resized\"><img data-recalc-dims=\"1\" loading=\"lazy\" decoding=\"async\" data-attachment-id=\"7240\" data-permalink=\"https:\/\/www.pasteur.mg\/en\/linstitut-pasteur-de-madagascar-recoit-une-delegation-de-de-lagence-francaise-de-developpement-a-madagascar-dirigee-par-mr-yves-guicquero\/ipm_0340\/\" data-orig-file=\"https:\/\/i0.wp.com\/www.pasteur.mg\/wp-content\/uploads\/2020\/10\/IPM_0340.jpg?fit=800%2C526&amp;ssl=1\" data-orig-size=\"800,526\" data-comments-opened=\"0\" data-image-meta=\"{&quot;aperture&quot;:&quot;0&quot;,&quot;credit&quot;:&quot;&quot;,&quot;camera&quot;:&quot;&quot;,&quot;caption&quot;:&quot;&quot;,&quot;created_timestamp&quot;:&quot;0&quot;,&quot;copyright&quot;:&quot;Institut Pasteur de Madagascar&quot;,&quot;focal_length&quot;:&quot;0&quot;,&quot;iso&quot;:&quot;0&quot;,&quot;shutter_speed&quot;:&quot;0&quot;,&quot;title&quot;:&quot;&quot;,&quot;orientation&quot;:&quot;1&quot;}\" data-image-title=\"IPM_0340\" data-image-description=\"\" data-image-caption=\"\" data-large-file=\"https:\/\/i0.wp.com\/www.pasteur.mg\/wp-content\/uploads\/2020\/10\/IPM_0340.jpg?fit=800%2C526&amp;ssl=1\" class=\"aligncenter wp-image-7240 size-full\" src=\"https:\/\/i0.wp.com\/www.pasteur.mg\/wp-content\/uploads\/2020\/10\/IPM_0340.jpg?resize=800%2C526&#038;ssl=1\" alt=\"\" width=\"800\" height=\"526\" srcset=\"https:\/\/i0.wp.com\/www.pasteur.mg\/wp-content\/uploads\/2020\/10\/IPM_0340.jpg?w=800&amp;ssl=1 800w, https:\/\/i0.wp.com\/www.pasteur.mg\/wp-content\/uploads\/2020\/10\/IPM_0340.jpg?resize=300%2C197&amp;ssl=1 300w, https:\/\/i0.wp.com\/www.pasteur.mg\/wp-content\/uploads\/2020\/10\/IPM_0340.jpg?resize=768%2C505&amp;ssl=1 768w, https:\/\/i0.wp.com\/www.pasteur.mg\/wp-content\/uploads\/2020\/10\/IPM_0340.jpg?resize=704%2C463&amp;ssl=1 704w\" sizes=\"(max-width: 800px) 100vw, 800px\" \/>\r\n<figcaption><em>Pr\u00e9sentation du site d\u2019installation du magasin centralis\u00e9<\/em><\/figcaption>\r\n<\/figure>\r\n<\/div>\r\n\r\n\r\n\r\n<p style=\"text-align: justify;\">Enfin afin d\u2019avoir une id\u00e9e plus compl\u00e8te du p\u00e9rim\u00e8tre d\u2019activit\u00e9s de l\u2019Institut, la d\u00e9l\u00e9gation a visit\u00e9 les insectariums de l\u2019Unit\u00e9 d\u2019Entomologie m\u00e9dicale, l\u2019Unit\u00e9 Peste et le Centre de biologie m\u00e9dicale ouvert 24h\/24 et 7j\/7 qui accueille quotidiennement plus de 500 patients.<\/p>\r\n\r\n\r\n\r\n<figure class=\"wp-block-gallery columns-2 is-cropped wp-block-gallery-2 is-layout-flex wp-block-gallery-is-layout-flex\">\r\n<ul class=\"blocks-gallery-grid\">\r\n<li class=\"blocks-gallery-item\">\r\n<figure><img data-recalc-dims=\"1\" loading=\"lazy\" decoding=\"async\" width=\"1000\" height=\"667\" data-attachment-id=\"7247\" data-permalink=\"https:\/\/www.pasteur.mg\/en\/linstitut-pasteur-de-madagascar-recoit-une-delegation-de-de-lagence-francaise-de-developpement-a-madagascar-dirigee-par-mr-yves-guicquero\/ipm_0585-3\/\" data-orig-file=\"https:\/\/i0.wp.com\/www.pasteur.mg\/wp-content\/uploads\/2020\/10\/IPM_0585-3.jpg?fit=1000%2C667&amp;ssl=1\" data-orig-size=\"1000,667\" data-comments-opened=\"0\" data-image-meta=\"{&quot;aperture&quot;:&quot;0&quot;,&quot;credit&quot;:&quot;&quot;,&quot;camera&quot;:&quot;&quot;,&quot;caption&quot;:&quot;&quot;,&quot;created_timestamp&quot;:&quot;0&quot;,&quot;copyright&quot;:&quot;Institut Pasteur de Madagascar&quot;,&quot;focal_length&quot;:&quot;0&quot;,&quot;iso&quot;:&quot;0&quot;,&quot;shutter_speed&quot;:&quot;0&quot;,&quot;title&quot;:&quot;&quot;,&quot;orientation&quot;:&quot;1&quot;}\" data-image-title=\"IPM_0585-3\" data-image-description=\"\" data-image-caption=\"\" data-large-file=\"https:\/\/i0.wp.com\/www.pasteur.mg\/wp-content\/uploads\/2020\/10\/IPM_0585-3.jpg?fit=1000%2C667&amp;ssl=1\" class=\"wp-image-7247 aligncenter\" src=\"https:\/\/i0.wp.com\/www.pasteur.mg\/wp-content\/uploads\/2020\/10\/IPM_0585-3.jpg?resize=1000%2C667&#038;ssl=1\" alt=\"\" data-id=\"7247\" data-full-url=\"https:\/\/www.pasteur.mg\/wp-content\/uploads\/2020\/10\/IPM_0585-3.jpg\" data-link=\"https:\/\/www.pasteur.mg\/?attachment_id=7247\" srcset=\"https:\/\/i0.wp.com\/www.pasteur.mg\/wp-content\/uploads\/2020\/10\/IPM_0585-3.jpg?w=1000&amp;ssl=1 1000w, https:\/\/i0.wp.com\/www.pasteur.mg\/wp-content\/uploads\/2020\/10\/IPM_0585-3.jpg?resize=300%2C200&amp;ssl=1 300w, https:\/\/i0.wp.com\/www.pasteur.mg\/wp-content\/uploads\/2020\/10\/IPM_0585-3.jpg?resize=768%2C512&amp;ssl=1 768w, https:\/\/i0.wp.com\/www.pasteur.mg\/wp-content\/uploads\/2020\/10\/IPM_0585-3.jpg?resize=704%2C470&amp;ssl=1 704w\" sizes=\"(max-width: 1000px) 100vw, 1000px\" \/><\/figure>\r\n<\/li>\r\n<li class=\"blocks-gallery-item\">\r\n<figure><img data-recalc-dims=\"1\" loading=\"lazy\" decoding=\"async\" width=\"700\" height=\"811\" data-attachment-id=\"7248\" data-permalink=\"https:\/\/www.pasteur.mg\/en\/linstitut-pasteur-de-madagascar-recoit-une-delegation-de-de-lagence-francaise-de-developpement-a-madagascar-dirigee-par-mr-yves-guicquero\/ipm_0588-1\/\" data-orig-file=\"https:\/\/i0.wp.com\/www.pasteur.mg\/wp-content\/uploads\/2020\/10\/IPM_0588-1.jpg?fit=700%2C811&amp;ssl=1\" data-orig-size=\"700,811\" data-comments-opened=\"0\" data-image-meta=\"{&quot;aperture&quot;:&quot;0&quot;,&quot;credit&quot;:&quot;&quot;,&quot;camera&quot;:&quot;&quot;,&quot;caption&quot;:&quot;&quot;,&quot;created_timestamp&quot;:&quot;0&quot;,&quot;copyright&quot;:&quot;Institut Pasteur de Madagascar&quot;,&quot;focal_length&quot;:&quot;0&quot;,&quot;iso&quot;:&quot;0&quot;,&quot;shutter_speed&quot;:&quot;0&quot;,&quot;title&quot;:&quot;&quot;,&quot;orientation&quot;:&quot;1&quot;}\" data-image-title=\"IPM_0588-1\" data-image-description=\"\" data-image-caption=\"\" data-large-file=\"https:\/\/i0.wp.com\/www.pasteur.mg\/wp-content\/uploads\/2020\/10\/IPM_0588-1.jpg?fit=700%2C811&amp;ssl=1\" class=\"wp-image-7248 aligncenter\" src=\"https:\/\/i0.wp.com\/www.pasteur.mg\/wp-content\/uploads\/2020\/10\/IPM_0588-1.jpg?resize=700%2C811&#038;ssl=1\" alt=\"\" data-id=\"7248\" data-full-url=\"https:\/\/www.pasteur.mg\/wp-content\/uploads\/2020\/10\/IPM_0588-1.jpg\" data-link=\"https:\/\/www.pasteur.mg\/?attachment_id=7248\" srcset=\"https:\/\/i0.wp.com\/www.pasteur.mg\/wp-content\/uploads\/2020\/10\/IPM_0588-1.jpg?w=700&amp;ssl=1 700w, https:\/\/i0.wp.com\/www.pasteur.mg\/wp-content\/uploads\/2020\/10\/IPM_0588-1.jpg?resize=259%2C300&amp;ssl=1 259w\" sizes=\"(max-width: 700px) 100vw, 700px\" \/><\/figure>\r\n<\/li>\r\n<li>\r\n<p class=\"has-text-align-center\" style=\"text-align: center;\"><em>Visite de l\u2019insectarium de l\u2019Unit\u00e9 d&rsquo;Entomologie m\u00e9dicale<\/em><\/p>\r\n\r\n\r\n\r\n<figure class=\"wp-block-gallery aligncenter columns-2 is-cropped wp-block-gallery-3 is-layout-flex wp-block-gallery-is-layout-flex\">\r\n<ul class=\"blocks-gallery-grid\">\r\n<li class=\"blocks-gallery-item\"><img data-recalc-dims=\"1\" loading=\"lazy\" decoding=\"async\" width=\"800\" height=\"534\" data-attachment-id=\"7249\" data-permalink=\"https:\/\/www.pasteur.mg\/en\/linstitut-pasteur-de-madagascar-recoit-une-delegation-de-de-lagence-francaise-de-developpement-a-madagascar-dirigee-par-mr-yves-guicquero\/ipm_0609-1\/\" data-orig-file=\"https:\/\/i0.wp.com\/www.pasteur.mg\/wp-content\/uploads\/2020\/10\/IPM_0609-1.jpg?fit=800%2C534&amp;ssl=1\" data-orig-size=\"800,534\" data-comments-opened=\"0\" data-image-meta=\"{&quot;aperture&quot;:&quot;0&quot;,&quot;credit&quot;:&quot;&quot;,&quot;camera&quot;:&quot;&quot;,&quot;caption&quot;:&quot;&quot;,&quot;created_timestamp&quot;:&quot;0&quot;,&quot;copyright&quot;:&quot;Institut Pasteur de Madagascar&quot;,&quot;focal_length&quot;:&quot;0&quot;,&quot;iso&quot;:&quot;0&quot;,&quot;shutter_speed&quot;:&quot;0&quot;,&quot;title&quot;:&quot;&quot;,&quot;orientation&quot;:&quot;1&quot;}\" data-image-title=\"IPM_0609-1\" data-image-description=\"\" data-image-caption=\"\" data-large-file=\"https:\/\/i0.wp.com\/www.pasteur.mg\/wp-content\/uploads\/2020\/10\/IPM_0609-1.jpg?fit=800%2C534&amp;ssl=1\" class=\"wp-image-7249 aligncenter\" src=\"https:\/\/i0.wp.com\/www.pasteur.mg\/wp-content\/uploads\/2020\/10\/IPM_0609-1.jpg?resize=800%2C534&#038;ssl=1\" alt=\"\" data-id=\"7249\" data-full-url=\"https:\/\/www.pasteur.mg\/wp-content\/uploads\/2020\/10\/IPM_0609-1.jpg\" data-link=\"https:\/\/www.pasteur.mg\/?attachment_id=7249\" srcset=\"https:\/\/i0.wp.com\/www.pasteur.mg\/wp-content\/uploads\/2020\/10\/IPM_0609-1.jpg?w=800&amp;ssl=1 800w, https:\/\/i0.wp.com\/www.pasteur.mg\/wp-content\/uploads\/2020\/10\/IPM_0609-1.jpg?resize=300%2C200&amp;ssl=1 300w, https:\/\/i0.wp.com\/www.pasteur.mg\/wp-content\/uploads\/2020\/10\/IPM_0609-1.jpg?resize=768%2C513&amp;ssl=1 768w, https:\/\/i0.wp.com\/www.pasteur.mg\/wp-content\/uploads\/2020\/10\/IPM_0609-1.jpg?resize=704%2C470&amp;ssl=1 704w\" sizes=\"(max-width: 800px) 100vw, 800px\" \/><\/li>\r\n<\/ul>\r\n<\/figure>\r\n<\/li>\r\n<\/ul>\r\n<\/figure>\r\n\r\n\r\n\r\n<figure class=\"wp-block-gallery aligncenter columns-2 is-cropped\">\r\n<ul class=\"blocks-gallery-grid\">\r\n<li class=\"blocks-gallery-item\">\r\n<figure><img data-recalc-dims=\"1\" loading=\"lazy\" decoding=\"async\" width=\"800\" height=\"533\" data-attachment-id=\"7250\" data-permalink=\"https:\/\/www.pasteur.mg\/en\/linstitut-pasteur-de-madagascar-recoit-une-delegation-de-de-lagence-francaise-de-developpement-a-madagascar-dirigee-par-mr-yves-guicquero\/ipm_0642\/\" data-orig-file=\"https:\/\/i0.wp.com\/www.pasteur.mg\/wp-content\/uploads\/2020\/10\/IPM_0642.jpg?fit=800%2C533&amp;ssl=1\" data-orig-size=\"800,533\" data-comments-opened=\"0\" data-image-meta=\"{&quot;aperture&quot;:&quot;0&quot;,&quot;credit&quot;:&quot;&quot;,&quot;camera&quot;:&quot;&quot;,&quot;caption&quot;:&quot;&quot;,&quot;created_timestamp&quot;:&quot;0&quot;,&quot;copyright&quot;:&quot;Institut Pasteur de Madagascar&quot;,&quot;focal_length&quot;:&quot;0&quot;,&quot;iso&quot;:&quot;0&quot;,&quot;shutter_speed&quot;:&quot;0&quot;,&quot;title&quot;:&quot;&quot;,&quot;orientation&quot;:&quot;1&quot;}\" data-image-title=\"IPM_0642\" data-image-description=\"\" data-image-caption=\"\" data-large-file=\"https:\/\/i0.wp.com\/www.pasteur.mg\/wp-content\/uploads\/2020\/10\/IPM_0642.jpg?fit=800%2C533&amp;ssl=1\" class=\"wp-image-7250 aligncenter\" src=\"https:\/\/i0.wp.com\/www.pasteur.mg\/wp-content\/uploads\/2020\/10\/IPM_0642.jpg?resize=800%2C533&#038;ssl=1\" alt=\"\" data-id=\"7250\" data-full-url=\"https:\/\/www.pasteur.mg\/wp-content\/uploads\/2020\/10\/IPM_0642.jpg\" data-link=\"https:\/\/www.pasteur.mg\/?attachment_id=7250\" srcset=\"https:\/\/i0.wp.com\/www.pasteur.mg\/wp-content\/uploads\/2020\/10\/IPM_0642.jpg?w=800&amp;ssl=1 800w, https:\/\/i0.wp.com\/www.pasteur.mg\/wp-content\/uploads\/2020\/10\/IPM_0642.jpg?resize=300%2C200&amp;ssl=1 300w, https:\/\/i0.wp.com\/www.pasteur.mg\/wp-content\/uploads\/2020\/10\/IPM_0642.jpg?resize=768%2C512&amp;ssl=1 768w, https:\/\/i0.wp.com\/www.pasteur.mg\/wp-content\/uploads\/2020\/10\/IPM_0642.jpg?resize=704%2C469&amp;ssl=1 704w\" sizes=\"(max-width: 800px) 100vw, 800px\" \/><\/figure>\r\n<\/li>\r\n<\/ul>\r\n<\/figure>\r\n\r\n\r\n\r\n<p class=\"has-text-align-center\" style=\"text-align: center;\"><em>Visite de l\u2019unit\u00e9 Peste<\/em><\/p>\r\n\r\n\r\n\r\n<figure class=\"wp-block-gallery columns-2 is-cropped wp-block-gallery-4 is-layout-flex wp-block-gallery-is-layout-flex\">\r\n<ul class=\"blocks-gallery-grid\">\r\n<li class=\"blocks-gallery-item\">\r\n<figure><img data-recalc-dims=\"1\" loading=\"lazy\" decoding=\"async\" width=\"800\" height=\"533\" data-attachment-id=\"7251\" data-permalink=\"https:\/\/www.pasteur.mg\/en\/linstitut-pasteur-de-madagascar-recoit-une-delegation-de-de-lagence-francaise-de-developpement-a-madagascar-dirigee-par-mr-yves-guicquero\/ipm_0702\/\" data-orig-file=\"https:\/\/i0.wp.com\/www.pasteur.mg\/wp-content\/uploads\/2020\/10\/IPM_0702.jpg?fit=800%2C533&amp;ssl=1\" data-orig-size=\"800,533\" data-comments-opened=\"0\" data-image-meta=\"{&quot;aperture&quot;:&quot;0&quot;,&quot;credit&quot;:&quot;&quot;,&quot;camera&quot;:&quot;&quot;,&quot;caption&quot;:&quot;&quot;,&quot;created_timestamp&quot;:&quot;0&quot;,&quot;copyright&quot;:&quot;Institut Pasteur de Madagascar&quot;,&quot;focal_length&quot;:&quot;0&quot;,&quot;iso&quot;:&quot;0&quot;,&quot;shutter_speed&quot;:&quot;0&quot;,&quot;title&quot;:&quot;&quot;,&quot;orientation&quot;:&quot;1&quot;}\" data-image-title=\"IPM_0702\" data-image-description=\"\" data-image-caption=\"\" data-large-file=\"https:\/\/i0.wp.com\/www.pasteur.mg\/wp-content\/uploads\/2020\/10\/IPM_0702.jpg?fit=800%2C533&amp;ssl=1\" class=\"wp-image-7251 aligncenter\" src=\"https:\/\/i0.wp.com\/www.pasteur.mg\/wp-content\/uploads\/2020\/10\/IPM_0702.jpg?resize=800%2C533&#038;ssl=1\" alt=\"\" data-id=\"7251\" data-full-url=\"https:\/\/www.pasteur.mg\/wp-content\/uploads\/2020\/10\/IPM_0702.jpg\" data-link=\"https:\/\/www.pasteur.mg\/?attachment_id=7251\" srcset=\"https:\/\/i0.wp.com\/www.pasteur.mg\/wp-content\/uploads\/2020\/10\/IPM_0702.jpg?w=800&amp;ssl=1 800w, https:\/\/i0.wp.com\/www.pasteur.mg\/wp-content\/uploads\/2020\/10\/IPM_0702.jpg?resize=300%2C200&amp;ssl=1 300w, https:\/\/i0.wp.com\/www.pasteur.mg\/wp-content\/uploads\/2020\/10\/IPM_0702.jpg?resize=768%2C512&amp;ssl=1 768w, https:\/\/i0.wp.com\/www.pasteur.mg\/wp-content\/uploads\/2020\/10\/IPM_0702.jpg?resize=704%2C469&amp;ssl=1 704w\" sizes=\"(max-width: 800px) 100vw, 800px\" \/><\/figure>\r\n<\/li>\r\n<li class=\"blocks-gallery-item\">\r\n<figure><img data-recalc-dims=\"1\" loading=\"lazy\" decoding=\"async\" width=\"800\" height=\"474\" data-attachment-id=\"7252\" data-permalink=\"https:\/\/www.pasteur.mg\/en\/linstitut-pasteur-de-madagascar-recoit-une-delegation-de-de-lagence-francaise-de-developpement-a-madagascar-dirigee-par-mr-yves-guicquero\/ipm_0718\/\" data-orig-file=\"https:\/\/i0.wp.com\/www.pasteur.mg\/wp-content\/uploads\/2020\/10\/IPM_0718.jpg?fit=800%2C474&amp;ssl=1\" data-orig-size=\"800,474\" data-comments-opened=\"0\" data-image-meta=\"{&quot;aperture&quot;:&quot;0&quot;,&quot;credit&quot;:&quot;&quot;,&quot;camera&quot;:&quot;&quot;,&quot;caption&quot;:&quot;&quot;,&quot;created_timestamp&quot;:&quot;0&quot;,&quot;copyright&quot;:&quot;Institut Pasteur de Madagascar&quot;,&quot;focal_length&quot;:&quot;0&quot;,&quot;iso&quot;:&quot;0&quot;,&quot;shutter_speed&quot;:&quot;0&quot;,&quot;title&quot;:&quot;&quot;,&quot;orientation&quot;:&quot;1&quot;}\" data-image-title=\"IPM_0718\" data-image-description=\"\" data-image-caption=\"\" data-large-file=\"https:\/\/i0.wp.com\/www.pasteur.mg\/wp-content\/uploads\/2020\/10\/IPM_0718.jpg?fit=800%2C474&amp;ssl=1\" class=\"wp-image-7252 aligncenter\" src=\"https:\/\/i0.wp.com\/www.pasteur.mg\/wp-content\/uploads\/2020\/10\/IPM_0718.jpg?resize=800%2C474&#038;ssl=1\" alt=\"\" data-id=\"7252\" data-full-url=\"https:\/\/www.pasteur.mg\/wp-content\/uploads\/2020\/10\/IPM_0718.jpg\" data-link=\"https:\/\/www.pasteur.mg\/?attachment_id=7252\" srcset=\"https:\/\/i0.wp.com\/www.pasteur.mg\/wp-content\/uploads\/2020\/10\/IPM_0718.jpg?w=800&amp;ssl=1 800w, https:\/\/i0.wp.com\/www.pasteur.mg\/wp-content\/uploads\/2020\/10\/IPM_0718.jpg?resize=300%2C178&amp;ssl=1 300w, https:\/\/i0.wp.com\/www.pasteur.mg\/wp-content\/uploads\/2020\/10\/IPM_0718.jpg?resize=768%2C455&amp;ssl=1 768w, https:\/\/i0.wp.com\/www.pasteur.mg\/wp-content\/uploads\/2020\/10\/IPM_0718.jpg?resize=704%2C417&amp;ssl=1 704w\" sizes=\"(max-width: 800px) 100vw, 800px\" \/><\/figure>\r\n<\/li>\r\n<\/ul>\r\n<\/figure>\r\n\r\n\r\n\r\n<p class=\"has-text-align-center\" style=\"text-align: center;\"><em>Visite des laboratoires de l&rsquo;Unit\u00e9 de Virologie<\/em><\/p>\r\n\r\n\r\n\r\n<figure class=\"wp-block-gallery columns-2 is-cropped wp-block-gallery-5 is-layout-flex wp-block-gallery-is-layout-flex\">\r\n<ul class=\"blocks-gallery-grid\">\r\n<li class=\"blocks-gallery-item\">\r\n<figure><img data-recalc-dims=\"1\" loading=\"lazy\" decoding=\"async\" width=\"800\" height=\"524\" data-attachment-id=\"7253\" data-permalink=\"https:\/\/www.pasteur.mg\/en\/linstitut-pasteur-de-madagascar-recoit-une-delegation-de-de-lagence-francaise-de-developpement-a-madagascar-dirigee-par-mr-yves-guicquero\/ipm_0376\/\" data-orig-file=\"https:\/\/i0.wp.com\/www.pasteur.mg\/wp-content\/uploads\/2020\/10\/IPM_0376.jpg?fit=800%2C524&amp;ssl=1\" data-orig-size=\"800,524\" data-comments-opened=\"0\" data-image-meta=\"{&quot;aperture&quot;:&quot;0&quot;,&quot;credit&quot;:&quot;&quot;,&quot;camera&quot;:&quot;&quot;,&quot;caption&quot;:&quot;&quot;,&quot;created_timestamp&quot;:&quot;0&quot;,&quot;copyright&quot;:&quot;Institut Pasteur de Madagascar&quot;,&quot;focal_length&quot;:&quot;0&quot;,&quot;iso&quot;:&quot;0&quot;,&quot;shutter_speed&quot;:&quot;0&quot;,&quot;title&quot;:&quot;&quot;,&quot;orientation&quot;:&quot;1&quot;}\" data-image-title=\"IPM_0376\" data-image-description=\"\" data-image-caption=\"\" data-large-file=\"https:\/\/i0.wp.com\/www.pasteur.mg\/wp-content\/uploads\/2020\/10\/IPM_0376.jpg?fit=800%2C524&amp;ssl=1\" class=\"wp-image-7253 aligncenter\" src=\"https:\/\/i0.wp.com\/www.pasteur.mg\/wp-content\/uploads\/2020\/10\/IPM_0376.jpg?resize=800%2C524&#038;ssl=1\" alt=\"\" data-id=\"7253\" data-full-url=\"https:\/\/www.pasteur.mg\/wp-content\/uploads\/2020\/10\/IPM_0376.jpg\" data-link=\"https:\/\/www.pasteur.mg\/?attachment_id=7253\" srcset=\"https:\/\/i0.wp.com\/www.pasteur.mg\/wp-content\/uploads\/2020\/10\/IPM_0376.jpg?w=800&amp;ssl=1 800w, https:\/\/i0.wp.com\/www.pasteur.mg\/wp-content\/uploads\/2020\/10\/IPM_0376.jpg?resize=300%2C197&amp;ssl=1 300w, https:\/\/i0.wp.com\/www.pasteur.mg\/wp-content\/uploads\/2020\/10\/IPM_0376.jpg?resize=768%2C503&amp;ssl=1 768w, https:\/\/i0.wp.com\/www.pasteur.mg\/wp-content\/uploads\/2020\/10\/IPM_0376.jpg?resize=704%2C461&amp;ssl=1 704w\" sizes=\"(max-width: 800px) 100vw, 800px\" \/><\/figure>\r\n<\/li>\r\n<li class=\"blocks-gallery-item\">\r\n<figure><img data-recalc-dims=\"1\" loading=\"lazy\" decoding=\"async\" width=\"800\" height=\"502\" data-attachment-id=\"7254\" data-permalink=\"https:\/\/www.pasteur.mg\/en\/linstitut-pasteur-de-madagascar-recoit-une-delegation-de-de-lagence-francaise-de-developpement-a-madagascar-dirigee-par-mr-yves-guicquero\/ipm_0794\/\" data-orig-file=\"https:\/\/i0.wp.com\/www.pasteur.mg\/wp-content\/uploads\/2020\/10\/IPM_0794.jpg?fit=800%2C502&amp;ssl=1\" data-orig-size=\"800,502\" data-comments-opened=\"0\" data-image-meta=\"{&quot;aperture&quot;:&quot;0&quot;,&quot;credit&quot;:&quot;&quot;,&quot;camera&quot;:&quot;&quot;,&quot;caption&quot;:&quot;&quot;,&quot;created_timestamp&quot;:&quot;0&quot;,&quot;copyright&quot;:&quot;Institut Pasteur de Madagascar&quot;,&quot;focal_length&quot;:&quot;0&quot;,&quot;iso&quot;:&quot;0&quot;,&quot;shutter_speed&quot;:&quot;0&quot;,&quot;title&quot;:&quot;&quot;,&quot;orientation&quot;:&quot;1&quot;}\" data-image-title=\"IPM_0794\" data-image-description=\"\" data-image-caption=\"\" data-large-file=\"https:\/\/i0.wp.com\/www.pasteur.mg\/wp-content\/uploads\/2020\/10\/IPM_0794.jpg?fit=800%2C502&amp;ssl=1\" class=\"wp-image-7254 aligncenter\" src=\"https:\/\/i0.wp.com\/www.pasteur.mg\/wp-content\/uploads\/2020\/10\/IPM_0794.jpg?resize=800%2C502&#038;ssl=1\" alt=\"\" data-id=\"7254\" data-full-url=\"https:\/\/www.pasteur.mg\/wp-content\/uploads\/2020\/10\/IPM_0794.jpg\" data-link=\"https:\/\/www.pasteur.mg\/?attachment_id=7254\" srcset=\"https:\/\/i0.wp.com\/www.pasteur.mg\/wp-content\/uploads\/2020\/10\/IPM_0794.jpg?w=800&amp;ssl=1 800w, https:\/\/i0.wp.com\/www.pasteur.mg\/wp-content\/uploads\/2020\/10\/IPM_0794.jpg?resize=300%2C188&amp;ssl=1 300w, https:\/\/i0.wp.com\/www.pasteur.mg\/wp-content\/uploads\/2020\/10\/IPM_0794.jpg?resize=768%2C482&amp;ssl=1 768w, https:\/\/i0.wp.com\/www.pasteur.mg\/wp-content\/uploads\/2020\/10\/IPM_0794.jpg?resize=704%2C442&amp;ssl=1 704w\" sizes=\"(max-width: 800px) 100vw, 800px\" \/><\/figure>\r\n<\/li>\r\n<\/ul>\r\n<\/figure>\r\n\r\n\r\n\r\n<p class=\"has-text-align-center\" style=\"text-align: center;\"><em>Visite de Centre de Biologie Clinique<\/em><\/p>","protected":false},"excerpt":{"rendered":"<p>Le 30 septembre 2020, l\u2019Institut Pasteur de Madagascar (IPM) a eu le plaisir d\u2019accueillir Mr Yves GUICQERO, Directeur de l\u2019Agence Fran\u00e7aise de D\u00e9veloppement (AFD) \u00e0 Madagascar. Il \u00e9tait accompagn\u00e9 de Mme Val\u00e9rie ALEXIS, Directrice Adjointe de l\u2019AFD, et de Mme Laetitia RATIARIVELO, repr\u00e9sentante du Service Communication de l\u2019AFD. Cette visite s\u2019inscrit dans le cadre du [&hellip;]<\/p>","protected":false},"author":9,"featured_media":7234,"comment_status":"closed","ping_status":"closed","sticky":false,"template":"","format":"standard","meta":{"_acf_changed":false,"_et_pb_use_builder":"","_et_pb_old_content":"","_et_gb_content_width":"","jetpack_post_was_ever_published":false,"_jetpack_newsletter_access":"","_jetpack_dont_email_post_to_subs":false,"_jetpack_newsletter_tier_id":0,"_jetpack_memberships_contains_paywalled_content":false,"_jetpack_memberships_contains_paid_content":false,"footnotes":""},"categories":[614],"tags":[],"class_list":["post-7233","post","type-post","status-publish","format-standard","has-post-thumbnail","hentry","category-visite"],"acf":[],"yoast_head":"<!-- This site is optimized with the Yoast SEO plugin v27.5 - https:\/\/yoast.com\/product\/yoast-seo-wordpress\/ -->\n<title>L\u2019Institut Pasteur de Madagascar re\u00e7oit une D\u00e9l\u00e9gation de de l\u2019Agence Fran\u00e7aise de D\u00e9veloppement \u00e0 Madagascar dirig\u00e9e par Mr Yves GUICQUERO - Institut Pasteur de Madagascar<\/title>\n<meta name=\"description\" content=\"Pr Andr\u00e9 SPIEGEL, Mr Yves GUICQUERO, Mme La\u00ebtitia RATIARIVELO, Mme Val\u00e9rie ALEXIS, Dr Voahangy RASOLOFO (De gauche \u00e0 droite) Le 30 septembre 2020,\" \/>\n<meta name=\"robots\" content=\"index, follow, max-snippet:-1, max-image-preview:large, max-video-preview:-1\" \/>\n<link rel=\"canonical\" href=\"https:\/\/www.pasteur.mg\/en\/linstitut-pasteur-de-madagascar-recoit-une-delegation-de-de-lagence-francaise-de-developpement-a-madagascar-dirigee-par-mr-yves-guicquero\/\" \/>\n<meta property=\"og:locale\" content=\"en_US\" \/>\n<meta property=\"og:type\" content=\"article\" \/>\n<meta property=\"og:title\" content=\"L\u2019Institut Pasteur de Madagascar re\u00e7oit une D\u00e9l\u00e9gation de de l\u2019Agence Fran\u00e7aise de D\u00e9veloppement \u00e0 Madagascar dirig\u00e9e par Mr Yves GUICQUERO - Institut Pasteur de Madagascar\" \/>\n<meta property=\"og:description\" content=\"Pr Andr\u00e9 SPIEGEL, Mr Yves GUICQUERO, Mme La\u00ebtitia RATIARIVELO, Mme Val\u00e9rie ALEXIS, Dr Voahangy RASOLOFO (De gauche \u00e0 droite) Le 30 septembre 2020,\" \/>\n<meta property=\"og:url\" content=\"https:\/\/www.pasteur.mg\/en\/linstitut-pasteur-de-madagascar-recoit-une-delegation-de-de-lagence-francaise-de-developpement-a-madagascar-dirigee-par-mr-yves-guicquero\/\" \/>\n<meta property=\"og:site_name\" content=\"Institut Pasteur de Madagascar\" \/>\n<meta property=\"article:publisher\" content=\"https:\/\/www.facebook.com\/pasteurMG\" \/>\n<meta property=\"article:published_time\" content=\"2020-10-07T07:47:22+00:00\" \/>\n<meta property=\"article:modified_time\" content=\"2025-11-10T12:11:50+00:00\" \/>\n<meta property=\"og:image\" content=\"https:\/\/www.pasteur.mg\/wp-content\/uploads\/2020\/10\/IPM_0886.jpg\" \/>\n\t<meta property=\"og:image:width\" content=\"800\" \/>\n\t<meta property=\"og:image:height\" content=\"566\" \/>\n\t<meta property=\"og:image:type\" content=\"image\/jpeg\" \/>\n<meta name=\"author\" content=\"Tiana Iriantsoa\" \/>\n<meta name=\"twitter:card\" content=\"summary_large_image\" \/>\n<meta name=\"twitter:creator\" content=\"@pasteurMG\" \/>\n<meta name=\"twitter:site\" content=\"@pasteurMG\" \/>\n<meta name=\"twitter:label1\" content=\"Written by\" \/>\n\t<meta name=\"twitter:data1\" content=\"Tiana Iriantsoa\" \/>\n\t<meta name=\"twitter:label2\" content=\"Est. reading time\" \/>\n\t<meta name=\"twitter:data2\" content=\"5 minutes\" \/>\n<script type=\"application\/ld+json\" class=\"yoast-schema-graph\">{\"@context\":\"https:\\\/\\\/schema.org\",\"@graph\":[{\"@type\":\"Article\",\"@id\":\"https:\\\/\\\/www.pasteur.mg\\\/linstitut-pasteur-de-madagascar-recoit-une-delegation-de-de-lagence-francaise-de-developpement-a-madagascar-dirigee-par-mr-yves-guicquero\\\/#article\",\"isPartOf\":{\"@id\":\"https:\\\/\\\/www.pasteur.mg\\\/linstitut-pasteur-de-madagascar-recoit-une-delegation-de-de-lagence-francaise-de-developpement-a-madagascar-dirigee-par-mr-yves-guicquero\\\/\"},\"author\":{\"name\":\"Tiana Iriantsoa\",\"@id\":\"https:\\\/\\\/www.pasteur.mg\\\/#\\\/schema\\\/person\\\/44667b770912962e0db13e30faa0631b\"},\"headline\":\"L\u2019Institut Pasteur de Madagascar re\u00e7oit une D\u00e9l\u00e9gation de de l\u2019Agence Fran\u00e7aise de D\u00e9veloppement \u00e0 Madagascar dirig\u00e9e par Mr Yves GUICQUERO\",\"datePublished\":\"2020-10-07T07:47:22+00:00\",\"dateModified\":\"2025-11-10T12:11:50+00:00\",\"mainEntityOfPage\":{\"@id\":\"https:\\\/\\\/www.pasteur.mg\\\/linstitut-pasteur-de-madagascar-recoit-une-delegation-de-de-lagence-francaise-de-developpement-a-madagascar-dirigee-par-mr-yves-guicquero\\\/\"},\"wordCount\":443,\"publisher\":{\"@id\":\"https:\\\/\\\/www.pasteur.mg\\\/#organization\"},\"image\":{\"@id\":\"https:\\\/\\\/www.pasteur.mg\\\/linstitut-pasteur-de-madagascar-recoit-une-delegation-de-de-lagence-francaise-de-developpement-a-madagascar-dirigee-par-mr-yves-guicquero\\\/#primaryimage\"},\"thumbnailUrl\":\"https:\\\/\\\/i0.wp.com\\\/www.pasteur.mg\\\/wp-content\\\/uploads\\\/2020\\\/10\\\/IPM_0886.jpg?fit=800%2C566&ssl=1\",\"articleSection\":[\"Visite\"],\"inLanguage\":\"en-US\"},{\"@type\":\"WebPage\",\"@id\":\"https:\\\/\\\/www.pasteur.mg\\\/linstitut-pasteur-de-madagascar-recoit-une-delegation-de-de-lagence-francaise-de-developpement-a-madagascar-dirigee-par-mr-yves-guicquero\\\/\",\"url\":\"https:\\\/\\\/www.pasteur.mg\\\/linstitut-pasteur-de-madagascar-recoit-une-delegation-de-de-lagence-francaise-de-developpement-a-madagascar-dirigee-par-mr-yves-guicquero\\\/\",\"name\":\"L\u2019Institut Pasteur de Madagascar re\u00e7oit une D\u00e9l\u00e9gation de de l\u2019Agence Fran\u00e7aise de D\u00e9veloppement \u00e0 Madagascar dirig\u00e9e par Mr Yves GUICQUERO - Institut Pasteur de Madagascar\",\"isPartOf\":{\"@id\":\"https:\\\/\\\/www.pasteur.mg\\\/#website\"},\"primaryImageOfPage\":{\"@id\":\"https:\\\/\\\/www.pasteur.mg\\\/linstitut-pasteur-de-madagascar-recoit-une-delegation-de-de-lagence-francaise-de-developpement-a-madagascar-dirigee-par-mr-yves-guicquero\\\/#primaryimage\"},\"image\":{\"@id\":\"https:\\\/\\\/www.pasteur.mg\\\/linstitut-pasteur-de-madagascar-recoit-une-delegation-de-de-lagence-francaise-de-developpement-a-madagascar-dirigee-par-mr-yves-guicquero\\\/#primaryimage\"},\"thumbnailUrl\":\"https:\\\/\\\/i0.wp.com\\\/www.pasteur.mg\\\/wp-content\\\/uploads\\\/2020\\\/10\\\/IPM_0886.jpg?fit=800%2C566&ssl=1\",\"datePublished\":\"2020-10-07T07:47:22+00:00\",\"dateModified\":\"2025-11-10T12:11:50+00:00\",\"description\":\"Pr Andr\u00e9 SPIEGEL, Mr Yves GUICQUERO, Mme La\u00ebtitia RATIARIVELO, Mme Val\u00e9rie ALEXIS, Dr Voahangy RASOLOFO (De gauche \u00e0 droite) Le 30 septembre 2020,\",\"breadcrumb\":{\"@id\":\"https:\\\/\\\/www.pasteur.mg\\\/linstitut-pasteur-de-madagascar-recoit-une-delegation-de-de-lagence-francaise-de-developpement-a-madagascar-dirigee-par-mr-yves-guicquero\\\/#breadcrumb\"},\"inLanguage\":\"en-US\",\"potentialAction\":[{\"@type\":\"ReadAction\",\"target\":[\"https:\\\/\\\/www.pasteur.mg\\\/linstitut-pasteur-de-madagascar-recoit-une-delegation-de-de-lagence-francaise-de-developpement-a-madagascar-dirigee-par-mr-yves-guicquero\\\/\"]}]},{\"@type\":\"ImageObject\",\"inLanguage\":\"en-US\",\"@id\":\"https:\\\/\\\/www.pasteur.mg\\\/linstitut-pasteur-de-madagascar-recoit-une-delegation-de-de-lagence-francaise-de-developpement-a-madagascar-dirigee-par-mr-yves-guicquero\\\/#primaryimage\",\"url\":\"https:\\\/\\\/i0.wp.com\\\/www.pasteur.mg\\\/wp-content\\\/uploads\\\/2020\\\/10\\\/IPM_0886.jpg?fit=800%2C566&ssl=1\",\"contentUrl\":\"https:\\\/\\\/i0.wp.com\\\/www.pasteur.mg\\\/wp-content\\\/uploads\\\/2020\\\/10\\\/IPM_0886.jpg?fit=800%2C566&ssl=1\",\"width\":800,\"height\":566},{\"@type\":\"BreadcrumbList\",\"@id\":\"https:\\\/\\\/www.pasteur.mg\\\/linstitut-pasteur-de-madagascar-recoit-une-delegation-de-de-lagence-francaise-de-developpement-a-madagascar-dirigee-par-mr-yves-guicquero\\\/#breadcrumb\",\"itemListElement\":[{\"@type\":\"ListItem\",\"position\":1,\"name\":\"Accueil\",\"item\":\"https:\\\/\\\/www.pasteur.mg\\\/\"},{\"@type\":\"ListItem\",\"position\":2,\"name\":\"L\u2019Institut Pasteur de Madagascar re\u00e7oit une D\u00e9l\u00e9gation de de l\u2019Agence Fran\u00e7aise de D\u00e9veloppement \u00e0 Madagascar dirig\u00e9e par Mr Yves GUICQUERO\"}]},{\"@type\":\"WebSite\",\"@id\":\"https:\\\/\\\/www.pasteur.mg\\\/#website\",\"url\":\"https:\\\/\\\/www.pasteur.mg\\\/\",\"name\":\"Institut Pasteur de Madagascar\",\"description\":\"Etablissement scientifique priv\u00e9 malgache, \u00e0 but non lucratif et reconnu d\u2019utilit\u00e9 publique du R\u00e9seau International des Instituts Pasteur, plac\u00e9 sous le Haut patronage du gouvernement de la R\u00e9publique Malgache.\",\"publisher\":{\"@id\":\"https:\\\/\\\/www.pasteur.mg\\\/#organization\"},\"potentialAction\":[{\"@type\":\"SearchAction\",\"target\":{\"@type\":\"EntryPoint\",\"urlTemplate\":\"https:\\\/\\\/www.pasteur.mg\\\/?s={search_term_string}\"},\"query-input\":{\"@type\":\"PropertyValueSpecification\",\"valueRequired\":true,\"valueName\":\"search_term_string\"}}],\"inLanguage\":\"en-US\"},{\"@type\":\"Organization\",\"@id\":\"https:\\\/\\\/www.pasteur.mg\\\/#organization\",\"name\":\"Institut Pasteur de Madagascar\",\"url\":\"https:\\\/\\\/www.pasteur.mg\\\/\",\"logo\":{\"@type\":\"ImageObject\",\"inLanguage\":\"en-US\",\"@id\":\"https:\\\/\\\/www.pasteur.mg\\\/#\\\/schema\\\/logo\\\/image\\\/\",\"url\":\"https:\\\/\\\/www.pasteur.mg\\\/wp-content\\\/uploads\\\/2025\\\/03\\\/Logo-IPM-1.png\",\"contentUrl\":\"https:\\\/\\\/www.pasteur.mg\\\/wp-content\\\/uploads\\\/2025\\\/03\\\/Logo-IPM-1.png\",\"width\":5865,\"height\":3422,\"caption\":\"Institut Pasteur de Madagascar\"},\"image\":{\"@id\":\"https:\\\/\\\/www.pasteur.mg\\\/#\\\/schema\\\/logo\\\/image\\\/\"},\"sameAs\":[\"https:\\\/\\\/www.facebook.com\\\/pasteurMG\",\"https:\\\/\\\/x.com\\\/pasteurMG\",\"https:\\\/\\\/www.linkedin.com\\\/company\\\/institut-pasteur-de-madagascar\"]},{\"@type\":\"Person\",\"@id\":\"https:\\\/\\\/www.pasteur.mg\\\/#\\\/schema\\\/person\\\/44667b770912962e0db13e30faa0631b\",\"name\":\"Tiana Iriantsoa\",\"image\":{\"@type\":\"ImageObject\",\"inLanguage\":\"en-US\",\"@id\":\"https:\\\/\\\/secure.gravatar.com\\\/avatar\\\/48a2e5058bed52e6dc974d27747aa2cee847525becc7312b2c7c327f82e0c7e4?s=96&d=mm&r=g\",\"url\":\"https:\\\/\\\/secure.gravatar.com\\\/avatar\\\/48a2e5058bed52e6dc974d27747aa2cee847525becc7312b2c7c327f82e0c7e4?s=96&d=mm&r=g\",\"contentUrl\":\"https:\\\/\\\/secure.gravatar.com\\\/avatar\\\/48a2e5058bed52e6dc974d27747aa2cee847525becc7312b2c7c327f82e0c7e4?s=96&d=mm&r=g\",\"caption\":\"Tiana Iriantsoa\"}}]}<\/script>\n<!-- \/ Yoast SEO plugin. -->","yoast_head_json":{"title":"L\u2019Institut Pasteur de Madagascar re\u00e7oit une D\u00e9l\u00e9gation de de l\u2019Agence Fran\u00e7aise de D\u00e9veloppement \u00e0 Madagascar dirig\u00e9e par Mr Yves GUICQUERO - Institut Pasteur de Madagascar","description":"Pr Andr\u00e9 SPIEGEL, Mr Yves GUICQUERO, Mme La\u00ebtitia RATIARIVELO, Mme Val\u00e9rie ALEXIS, Dr Voahangy RASOLOFO (De gauche \u00e0 droite) Le 30 septembre 2020,","robots":{"index":"index","follow":"follow","max-snippet":"max-snippet:-1","max-image-preview":"max-image-preview:large","max-video-preview":"max-video-preview:-1"},"canonical":"https:\/\/www.pasteur.mg\/en\/linstitut-pasteur-de-madagascar-recoit-une-delegation-de-de-lagence-francaise-de-developpement-a-madagascar-dirigee-par-mr-yves-guicquero\/","og_locale":"en_US","og_type":"article","og_title":"L\u2019Institut Pasteur de Madagascar re\u00e7oit une D\u00e9l\u00e9gation de de l\u2019Agence Fran\u00e7aise de D\u00e9veloppement \u00e0 Madagascar dirig\u00e9e par Mr Yves GUICQUERO - Institut Pasteur de Madagascar","og_description":"Pr Andr\u00e9 SPIEGEL, Mr Yves GUICQUERO, Mme La\u00ebtitia RATIARIVELO, Mme Val\u00e9rie ALEXIS, Dr Voahangy RASOLOFO (De gauche \u00e0 droite) Le 30 septembre 2020,","og_url":"https:\/\/www.pasteur.mg\/en\/linstitut-pasteur-de-madagascar-recoit-une-delegation-de-de-lagence-francaise-de-developpement-a-madagascar-dirigee-par-mr-yves-guicquero\/","og_site_name":"Institut Pasteur de Madagascar","article_publisher":"https:\/\/www.facebook.com\/pasteurMG","article_published_time":"2020-10-07T07:47:22+00:00","article_modified_time":"2025-11-10T12:11:50+00:00","og_image":[{"width":800,"height":566,"url":"https:\/\/www.pasteur.mg\/wp-content\/uploads\/2020\/10\/IPM_0886.jpg","type":"image\/jpeg"}],"author":"Tiana Iriantsoa","twitter_card":"summary_large_image","twitter_creator":"@pasteurMG","twitter_site":"@pasteurMG","twitter_misc":{"Written by":"Tiana Iriantsoa","Est. reading time":"5 minutes"},"schema":{"@context":"https:\/\/schema.org","@graph":[{"@type":"Article","@id":"https:\/\/www.pasteur.mg\/linstitut-pasteur-de-madagascar-recoit-une-delegation-de-de-lagence-francaise-de-developpement-a-madagascar-dirigee-par-mr-yves-guicquero\/#article","isPartOf":{"@id":"https:\/\/www.pasteur.mg\/linstitut-pasteur-de-madagascar-recoit-une-delegation-de-de-lagence-francaise-de-developpement-a-madagascar-dirigee-par-mr-yves-guicquero\/"},"author":{"name":"Tiana Iriantsoa","@id":"https:\/\/www.pasteur.mg\/#\/schema\/person\/44667b770912962e0db13e30faa0631b"},"headline":"L\u2019Institut Pasteur de Madagascar re\u00e7oit une D\u00e9l\u00e9gation de de l\u2019Agence Fran\u00e7aise de D\u00e9veloppement \u00e0 Madagascar dirig\u00e9e par Mr Yves GUICQUERO","datePublished":"2020-10-07T07:47:22+00:00","dateModified":"2025-11-10T12:11:50+00:00","mainEntityOfPage":{"@id":"https:\/\/www.pasteur.mg\/linstitut-pasteur-de-madagascar-recoit-une-delegation-de-de-lagence-francaise-de-developpement-a-madagascar-dirigee-par-mr-yves-guicquero\/"},"wordCount":443,"publisher":{"@id":"https:\/\/www.pasteur.mg\/#organization"},"image":{"@id":"https:\/\/www.pasteur.mg\/linstitut-pasteur-de-madagascar-recoit-une-delegation-de-de-lagence-francaise-de-developpement-a-madagascar-dirigee-par-mr-yves-guicquero\/#primaryimage"},"thumbnailUrl":"https:\/\/i0.wp.com\/www.pasteur.mg\/wp-content\/uploads\/2020\/10\/IPM_0886.jpg?fit=800%2C566&ssl=1","articleSection":["Visite"],"inLanguage":"en-US"},{"@type":"WebPage","@id":"https:\/\/www.pasteur.mg\/linstitut-pasteur-de-madagascar-recoit-une-delegation-de-de-lagence-francaise-de-developpement-a-madagascar-dirigee-par-mr-yves-guicquero\/","url":"https:\/\/www.pasteur.mg\/linstitut-pasteur-de-madagascar-recoit-une-delegation-de-de-lagence-francaise-de-developpement-a-madagascar-dirigee-par-mr-yves-guicquero\/","name":"L\u2019Institut Pasteur de Madagascar re\u00e7oit une D\u00e9l\u00e9gation de de l\u2019Agence Fran\u00e7aise de D\u00e9veloppement \u00e0 Madagascar dirig\u00e9e par Mr Yves GUICQUERO - Institut Pasteur de Madagascar","isPartOf":{"@id":"https:\/\/www.pasteur.mg\/#website"},"primaryImageOfPage":{"@id":"https:\/\/www.pasteur.mg\/linstitut-pasteur-de-madagascar-recoit-une-delegation-de-de-lagence-francaise-de-developpement-a-madagascar-dirigee-par-mr-yves-guicquero\/#primaryimage"},"image":{"@id":"https:\/\/www.pasteur.mg\/linstitut-pasteur-de-madagascar-recoit-une-delegation-de-de-lagence-francaise-de-developpement-a-madagascar-dirigee-par-mr-yves-guicquero\/#primaryimage"},"thumbnailUrl":"https:\/\/i0.wp.com\/www.pasteur.mg\/wp-content\/uploads\/2020\/10\/IPM_0886.jpg?fit=800%2C566&ssl=1","datePublished":"2020-10-07T07:47:22+00:00","dateModified":"2025-11-10T12:11:50+00:00","description":"Pr Andr\u00e9 SPIEGEL, Mr Yves GUICQUERO, Mme La\u00ebtitia RATIARIVELO, Mme Val\u00e9rie ALEXIS, Dr Voahangy RASOLOFO (De gauche \u00e0 droite) Le 30 septembre 2020,","breadcrumb":{"@id":"https:\/\/www.pasteur.mg\/linstitut-pasteur-de-madagascar-recoit-une-delegation-de-de-lagence-francaise-de-developpement-a-madagascar-dirigee-par-mr-yves-guicquero\/#breadcrumb"},"inLanguage":"en-US","potentialAction":[{"@type":"ReadAction","target":["https:\/\/www.pasteur.mg\/linstitut-pasteur-de-madagascar-recoit-une-delegation-de-de-lagence-francaise-de-developpement-a-madagascar-dirigee-par-mr-yves-guicquero\/"]}]},{"@type":"ImageObject","inLanguage":"en-US","@id":"https:\/\/www.pasteur.mg\/linstitut-pasteur-de-madagascar-recoit-une-delegation-de-de-lagence-francaise-de-developpement-a-madagascar-dirigee-par-mr-yves-guicquero\/#primaryimage","url":"https:\/\/i0.wp.com\/www.pasteur.mg\/wp-content\/uploads\/2020\/10\/IPM_0886.jpg?fit=800%2C566&ssl=1","contentUrl":"https:\/\/i0.wp.com\/www.pasteur.mg\/wp-content\/uploads\/2020\/10\/IPM_0886.jpg?fit=800%2C566&ssl=1","width":800,"height":566},{"@type":"BreadcrumbList","@id":"https:\/\/www.pasteur.mg\/linstitut-pasteur-de-madagascar-recoit-une-delegation-de-de-lagence-francaise-de-developpement-a-madagascar-dirigee-par-mr-yves-guicquero\/#breadcrumb","itemListElement":[{"@type":"ListItem","position":1,"name":"Accueil","item":"https:\/\/www.pasteur.mg\/"},{"@type":"ListItem","position":2,"name":"L\u2019Institut Pasteur de Madagascar re\u00e7oit une D\u00e9l\u00e9gation de de l\u2019Agence Fran\u00e7aise de D\u00e9veloppement \u00e0 Madagascar dirig\u00e9e par Mr Yves GUICQUERO"}]},{"@type":"WebSite","@id":"https:\/\/www.pasteur.mg\/#website","url":"https:\/\/www.pasteur.mg\/","name":"Institut Pasteur de Madagascar","description":"Etablissement scientifique priv\u00e9 malgache, \u00e0 but non lucratif et reconnu d\u2019utilit\u00e9 publique du R\u00e9seau International des Instituts Pasteur, plac\u00e9 sous le Haut patronage du gouvernement de la R\u00e9publique Malgache.","publisher":{"@id":"https:\/\/www.pasteur.mg\/#organization"},"potentialAction":[{"@type":"SearchAction","target":{"@type":"EntryPoint","urlTemplate":"https:\/\/www.pasteur.mg\/?s={search_term_string}"},"query-input":{"@type":"PropertyValueSpecification","valueRequired":true,"valueName":"search_term_string"}}],"inLanguage":"en-US"},{"@type":"Organization","@id":"https:\/\/www.pasteur.mg\/#organization","name":"Institut Pasteur de Madagascar","url":"https:\/\/www.pasteur.mg\/","logo":{"@type":"ImageObject","inLanguage":"en-US","@id":"https:\/\/www.pasteur.mg\/#\/schema\/logo\/image\/","url":"https:\/\/www.pasteur.mg\/wp-content\/uploads\/2025\/03\/Logo-IPM-1.png","contentUrl":"https:\/\/www.pasteur.mg\/wp-content\/uploads\/2025\/03\/Logo-IPM-1.png","width":5865,"height":3422,"caption":"Institut Pasteur de Madagascar"},"image":{"@id":"https:\/\/www.pasteur.mg\/#\/schema\/logo\/image\/"},"sameAs":["https:\/\/www.facebook.com\/pasteurMG","https:\/\/x.com\/pasteurMG","https:\/\/www.linkedin.com\/company\/institut-pasteur-de-madagascar"]},{"@type":"Person","@id":"https:\/\/www.pasteur.mg\/#\/schema\/person\/44667b770912962e0db13e30faa0631b","name":"Tiana Iriantsoa","image":{"@type":"ImageObject","inLanguage":"en-US","@id":"https:\/\/secure.gravatar.com\/avatar\/48a2e5058bed52e6dc974d27747aa2cee847525becc7312b2c7c327f82e0c7e4?s=96&d=mm&r=g","url":"https:\/\/secure.gravatar.com\/avatar\/48a2e5058bed52e6dc974d27747aa2cee847525becc7312b2c7c327f82e0c7e4?s=96&d=mm&r=g","contentUrl":"https:\/\/secure.gravatar.com\/avatar\/48a2e5058bed52e6dc974d27747aa2cee847525becc7312b2c7c327f82e0c7e4?s=96&d=mm&r=g","caption":"Tiana Iriantsoa"}}]}},"jetpack_featured_media_url":"https:\/\/i0.wp.com\/www.pasteur.mg\/wp-content\/uploads\/2020\/10\/IPM_0886.jpg?fit=800%2C566&ssl=1","jetpack_sharing_enabled":true,"publishpress_future_action":{"enabled":false,"date":"2026-05-06 07:56:42","action":"change-status","newStatus":"draft","terms":[],"taxonomy":"category","extraData":[]},"publishpress_future_workflow_manual_trigger":{"enabledWorkflows":[]},"amp_enabled":true,"_links":{"self":[{"href":"https:\/\/www.pasteur.mg\/en\/wp-json\/wp\/v2\/posts\/7233","targetHints":{"allow":["GET"]}}],"collection":[{"href":"https:\/\/www.pasteur.mg\/en\/wp-json\/wp\/v2\/posts"}],"about":[{"href":"https:\/\/www.pasteur.mg\/en\/wp-json\/wp\/v2\/types\/post"}],"author":[{"embeddable":true,"href":"https:\/\/www.pasteur.mg\/en\/wp-json\/wp\/v2\/users\/9"}],"replies":[{"embeddable":true,"href":"https:\/\/www.pasteur.mg\/en\/wp-json\/wp\/v2\/comments?post=7233"}],"version-history":[{"count":12,"href":"https:\/\/www.pasteur.mg\/en\/wp-json\/wp\/v2\/posts\/7233\/revisions"}],"predecessor-version":[{"id":21743,"href":"https:\/\/www.pasteur.mg\/en\/wp-json\/wp\/v2\/posts\/7233\/revisions\/21743"}],"wp:featuredmedia":[{"embeddable":true,"href":"https:\/\/www.pasteur.mg\/en\/wp-json\/wp\/v2\/media\/7234"}],"wp:attachment":[{"href":"https:\/\/www.pasteur.mg\/en\/wp-json\/wp\/v2\/media?parent=7233"}],"wp:term":[{"taxonomy":"category","embeddable":true,"href":"https:\/\/www.pasteur.mg\/en\/wp-json\/wp\/v2\/categories?post=7233"},{"taxonomy":"post_tag","embeddable":true,"href":"https:\/\/www.pasteur.mg\/en\/wp-json\/wp\/v2\/tags?post=7233"}],"curies":[{"name":"wp","href":"https:\/\/api.w.org\/{rel}","templated":true}]}}